{"id":14846,"date":"2026-08-01T14:41:14","date_gmt":"2026-08-01T12:41:14","guid":{"rendered":"https:\/\/embreis.com\/se\/?p=14846"},"modified":"2026-09-01T15:36:22","modified_gmt":"2026-09-01T13:36:22","slug":"peva-nar-ditt-barn-fods-med-klumpfot","status":"publish","type":"post","link":"https:\/\/embreis.com\/se\/peva-nar-ditt-barn-fods-med-klumpfot\/","title":{"rendered":"PEVA \u2013 n\u00e4r ditt barn f\u00f6ds med klumpfot"},"content":{"rendered":"<p><div class=\"fusion-fullwidth fullwidth-box fusion-builder-row-1 fusion-flex-container nonhundred-percent-fullwidth non-hundred-percent-height-scrolling\" style=\"--awb-border-radius-top-left:0px;--awb-border-radius-top-right:0px;--awb-border-radius-bottom-right:0px;--awb-border-radius-bottom-left:0px;\" ><div class=\"fusion-builder-row fusion-row fusion-flex-align-items-flex-start\" style=\"max-width:1248px;margin-left: calc(-4% \/ 2 );margin-right: calc(-4% \/ 2 );\"><div class=\"fusion-layout-column fusion_builder_column fusion-builder-column-0 fusion_builder_column_1_1 1_1 fusion-flex-column\" style=\"--awb-bg-blend:overlay;--awb-bg-size:cover;--awb-width-large:100%;--awb-spacing-right-large:1.92%;--awb-spacing-left-large:1.92%;--awb-width-medium:100%;--awb-spacing-right-medium:1.92%;--awb-spacing-left-medium:1.92%;--awb-width-small:100%;--awb-spacing-right-small:1.92%;--awb-spacing-left-small:1.92%;\"><div class=\"fusion-column-wrapper fusion-flex-justify-content-flex-start fusion-content-layout-column\"><div class=\"fusion-text fusion-text-1\"><p><strong>Att f\u00e5 beskedet att ens nyf\u00f6dda barn har PEVA, ofta kallat klumpfot, kan v\u00e4cka m\u00e5nga fr\u00e5gor. Vad inneb\u00e4r diagnosen? Kommer mitt barn att kunna g\u00e5 normalt? Beh\u00f6ver barnet opereras? Hur l\u00e4nge beh\u00f6ver behandlingen p\u00e5g\u00e5? Och varf\u00f6r ska barnet ha en ortos med skena efter gipsbehandlingen?<\/strong><\/p>\n<p>Det \u00e4r helt naturligt att ha m\u00e5nga fr\u00e5gor. Det positiva \u00e4r att dagens behandlingsrutiner av PEVA oftast ger mycket goda resultat. Med r\u00e4tt behandling kan barn med PEVA i de allra flesta fall v\u00e4xa upp med f\u00f6tter som fungerar bra i vardagen och som g\u00f6r det m\u00f6jligt att springa, leka och delta i fysisk aktivitet. I denna artikel g\u00e5r vi igenom vad PEVA \u00e4r, hur behandlingen fungerar och varf\u00f6r skorna, de sandalliknande s\u00e5 kallade AFO-ortoserna och skenan \u00e4r en s\u00e5 viktig del av behandlingen.<\/p>\n<\/div><\/div><\/div><\/div><\/div><div class=\"fusion-fullwidth fullwidth-box fusion-builder-row-2 fusion-flex-container nonhundred-percent-fullwidth non-hundred-percent-height-scrolling\" style=\"--awb-border-radius-top-left:0px;--awb-border-radius-top-right:0px;--awb-border-radius-bottom-right:0px;--awb-border-radius-bottom-left:0px;\" ><div class=\"fusion-builder-row fusion-row fusion-flex-align-items-flex-start\" style=\"max-width:1248px;margin-left: calc(-4% \/ 2 );margin-right: calc(-4% \/ 2 );\"><div class=\"fusion-layout-column fusion_builder_column fusion-builder-column-1 fusion_builder_column_1_1 1_1 fusion-flex-column\" style=\"--awb-padding-top:40px;--awb-padding-right:40px;--awb-padding-bottom:40px;--awb-padding-left:40px;--awb-bg-color:#EE7402;--awb-bg-size:cover;--awb-width-large:100%;--awb-spacing-right-large:1.92%;--awb-spacing-left-large:1.92%;--awb-width-medium:100%;--awb-spacing-right-medium:1.92%;--awb-spacing-left-medium:1.92%;--awb-width-small:100%;--awb-spacing-right-small:1.92%;--awb-spacing-left-small:1.92%;\"><div class=\"fusion-column-wrapper fusion-flex-justify-content-flex-start fusion-content-layout-column\"><div class=\"fusion-title title fusion-title-1 fusion-sep-none fusion-title-text fusion-title-size-three\" style=\"--awb-text-color:#ffffff;--awb-margin-bottom:20px;\"><h3 class=\"title-heading-left\" style=\"margin:0;\"><strong>Har ditt barn f\u00e5tt diagnosen PEVA?<\/strong><\/h3><\/div><div class=\"fusion-text fusion-text-2\"><p style=\"color: #ffffff\">I den h\u00e4r artikeln f\u00e5r du veta:<\/p>\n<ul style=\"color: #ffffff;font-size: 18px;line-height: 1.9\">\n<li>vad PEVA \u00e4r<\/li>\n<li>hur Ponseti-metoden fungerar<\/li>\n<li>varf\u00f6r barnet beh\u00f6ver ortos efter gipsbehandlingen<\/li>\n<li>hur l\u00e4nge ortosen vanligtvis anv\u00e4nds<\/li>\n<li>vad C-Pro och Mitchell Ponseti \u00e4r<\/li>\n<\/ul>\n<\/div><\/div><\/div><\/div><\/div><div class=\"fusion-fullwidth fullwidth-box fusion-builder-row-3 fusion-flex-container nonhundred-percent-fullwidth non-hundred-percent-height-scrolling\" style=\"--awb-border-radius-top-left:0px;--awb-border-radius-top-right:0px;--awb-border-radius-bottom-right:0px;--awb-border-radius-bottom-left:0px;\" ><div class=\"fusion-builder-row fusion-row fusion-flex-align-items-flex-start\" style=\"max-width:1248px;margin-left: calc(-4% \/ 2 );margin-right: calc(-4% \/ 2 );\"><div class=\"fusion-layout-column fusion_builder_column fusion-builder-column-2 fusion_builder_column_1_1 1_1 fusion-flex-column\" style=\"--awb-bg-blend:overlay;--awb-bg-size:cover;--awb-width-large:100%;--awb-spacing-right-large:1.92%;--awb-spacing-left-large:1.92%;--awb-width-medium:100%;--awb-spacing-right-medium:1.92%;--awb-spacing-left-medium:1.92%;--awb-width-small:100%;--awb-spacing-right-small:1.92%;--awb-spacing-left-small:1.92%;\"><div class=\"fusion-column-wrapper fusion-flex-justify-content-flex-start fusion-content-layout-column\"><div class=\"fusion-separator fusion-full-width-sep\" style=\"align-self: center;margin-left: auto;margin-right: auto;margin-top:10px;margin-bottom:30px;width:100%;\"><div class=\"fusion-separator-border sep-single sep-solid\" style=\"border-color:#e0dede;border-top-width:1px;\"><\/div><\/div><\/div><\/div><\/div><\/div><div class=\"fusion-fullwidth fullwidth-box fusion-builder-row-4 fusion-flex-container nonhundred-percent-fullwidth non-hundred-percent-height-scrolling\" style=\"--awb-border-radius-top-left:0px;--awb-border-radius-top-right:0px;--awb-border-radius-bottom-right:0px;--awb-border-radius-bottom-left:0px;\" ><div class=\"fusion-builder-row fusion-row fusion-flex-align-items-flex-start\" style=\"max-width:1248px;margin-left: calc(-4% \/ 2 );margin-right: calc(-4% \/ 2 );\"><div class=\"fusion-layout-column fusion_builder_column fusion-builder-column-3 fusion_builder_column_1_1 1_1 fusion-flex-column\" style=\"--awb-bg-blend:overlay;--awb-bg-size:cover;--awb-width-large:100%;--awb-spacing-right-large:1.92%;--awb-spacing-left-large:1.92%;--awb-width-medium:100%;--awb-spacing-right-medium:1.92%;--awb-spacing-left-medium:1.92%;--awb-width-small:100%;--awb-spacing-right-small:1.92%;--awb-spacing-left-small:1.92%;\"><div class=\"fusion-column-wrapper fusion-flex-justify-content-flex-start fusion-content-layout-column\"><div class=\"fusion-title title fusion-title-2 fusion-sep-none fusion-title-text fusion-title-size-three\"><h3 class=\"title-heading-left\" style=\"margin:0;\"><strong>Vad \u00e4r PEVA?<\/strong><\/h3><\/div><\/div><\/div><\/div><\/div><div class=\"fusion-fullwidth fullwidth-box fusion-builder-row-5 fusion-flex-container nonhundred-percent-fullwidth non-hundred-percent-height-scrolling\" style=\"--awb-border-radius-top-left:0px;--awb-border-radius-top-right:0px;--awb-border-radius-bottom-right:0px;--awb-border-radius-bottom-left:0px;\" ><div class=\"fusion-builder-row fusion-row fusion-flex-align-items-flex-start\" style=\"max-width:1248px;margin-left: calc(-4% \/ 2 );margin-right: calc(-4% \/ 2 );\"><div class=\"fusion-layout-column fusion_builder_column fusion-builder-column-4 fusion_builder_column_1_1 1_1 fusion-flex-column\" style=\"--awb-bg-blend:overlay;--awb-bg-size:cover;--awb-width-large:100%;--awb-spacing-right-large:1.92%;--awb-spacing-left-large:1.92%;--awb-width-medium:100%;--awb-spacing-right-medium:1.92%;--awb-spacing-left-medium:1.92%;--awb-width-small:100%;--awb-spacing-right-small:1.92%;--awb-spacing-left-small:1.92%;\"><div class=\"fusion-column-wrapper fusion-flex-justify-content-flex-start fusion-content-layout-column\"><div class=\"fusion-text fusion-text-3\"><p>PEVA st\u00e5r f\u00f6r pes equinovarus adductus och \u00e4r en medf\u00f6dd felst\u00e4llning av foten. Tillst\u00e5ndet kallas ocks\u00e5 f\u00f6r kongenital klumpfot eller bara klumpfot. PEVA kan f\u00f6rekomma i en fot eller i b\u00e5da f\u00f6tterna. Foten \u00e4r d\u00e5 vanligtvis vriden s\u00e5 att:<\/p>\n<ul>\n<li>h\u00e4len pekar in\u00e5t<\/li>\n<li>framfoten \u00e4r riktad in\u00e5t<\/li>\n<li>foten st\u00e5r i spetsfotst\u00e4llning<\/li>\n<li>fotvalvet \u00e4r mer v\u00e4lvt \u00e4n normalt<\/li>\n<\/ul>\n<p>PEVA uppt\u00e4cks ofta redan under graviditeten eller direkt efter f\u00f6dseln. Felst\u00e4llningen av foten beror inte p\u00e5 att du som f\u00f6r\u00e4lder har gjort n\u00e5got fel. Det \u00e4r en medf\u00f6dd f\u00f6r\u00e4ndring i fotens och underbenets utveckling och f\u00f6rekommer hos ungef\u00e4r 1\u20132 av 1 000 barn. I Sverige remitteras barn med misst\u00e4nkt PEVA till ortoped f\u00f6r bed\u00f6mning och behandling.<\/p>\n<\/div><\/div><\/div><\/div><\/div><div class=\"fusion-fullwidth fullwidth-box fusion-builder-row-6 fusion-flex-container nonhundred-percent-fullwidth non-hundred-percent-height-scrolling\" style=\"--awb-border-radius-top-left:0px;--awb-border-radius-top-right:0px;--awb-border-radius-bottom-right:0px;--awb-border-radius-bottom-left:0px;\" ><div class=\"fusion-builder-row fusion-row fusion-flex-align-items-flex-start\" style=\"max-width:1248px;margin-left: calc(-4% \/ 2 );margin-right: calc(-4% \/ 2 );\"><div class=\"fusion-layout-column fusion_builder_column fusion-builder-column-5 fusion_builder_column_1_1 1_1 fusion-flex-column\" style=\"--awb-bg-blend:overlay;--awb-bg-size:cover;--awb-width-large:100%;--awb-spacing-right-large:1.92%;--awb-spacing-left-large:1.92%;--awb-width-medium:100%;--awb-spacing-right-medium:1.92%;--awb-spacing-left-medium:1.92%;--awb-width-small:100%;--awb-spacing-right-small:1.92%;--awb-spacing-left-small:1.92%;\"><div class=\"fusion-column-wrapper fusion-flex-justify-content-flex-start fusion-content-layout-column\"><div class=\"fusion-title title fusion-title-3 fusion-sep-none fusion-title-text fusion-title-size-three\"><h3 class=\"title-heading-left\" style=\"margin:0;\"><strong>Kan ett barn med PEVA g\u00e5 normalt?<\/strong><\/h3><\/div><\/div><\/div><\/div><\/div><div class=\"fusion-fullwidth fullwidth-box fusion-builder-row-7 fusion-flex-container nonhundred-percent-fullwidth non-hundred-percent-height-scrolling\" style=\"--awb-border-radius-top-left:0px;--awb-border-radius-top-right:0px;--awb-border-radius-bottom-right:0px;--awb-border-radius-bottom-left:0px;\" ><div class=\"fusion-builder-row fusion-row fusion-flex-align-items-flex-start\" style=\"max-width:1248px;margin-left: calc(-4% \/ 2 );margin-right: calc(-4% \/ 2 );\"><div class=\"fusion-layout-column fusion_builder_column fusion-builder-column-6 fusion_builder_column_1_1 1_1 fusion-flex-column\" style=\"--awb-bg-blend:overlay;--awb-bg-size:cover;--awb-width-large:100%;--awb-spacing-right-large:1.92%;--awb-spacing-left-large:1.92%;--awb-width-medium:100%;--awb-spacing-right-medium:1.92%;--awb-spacing-left-medium:1.92%;--awb-width-small:100%;--awb-spacing-right-small:1.92%;--awb-spacing-left-small:1.92%;\"><div class=\"fusion-column-wrapper fusion-flex-justify-content-flex-start fusion-content-layout-column\"><div class=\"fusion-text fusion-text-4\"><p>Med modern behandling enligt Ponseti-metoden \u00e4r prognosen f\u00f6r barn med idiopatisk PEVA mycket god. M\u00e5let med behandlingen \u00e4r att korrigera fotens felst\u00e4llning och sedan beh\u00e5lla den korrigerade positionen medan barnet v\u00e4xer. Barn som behandlats framg\u00e5ngsrikt kan normalt delta i lek, idrott och andra fysiska aktiviteter och anv\u00e4nda vanliga skor. Men behandlingen tar tid och den korrigerande ortosen spelar en mycket viktig roll.<\/p>\n<\/div><\/div><\/div><\/div><\/div><div class=\"fusion-fullwidth fullwidth-box fusion-builder-row-8 fusion-flex-container nonhundred-percent-fullwidth non-hundred-percent-height-scrolling\" style=\"--awb-border-radius-top-left:0px;--awb-border-radius-top-right:0px;--awb-border-radius-bottom-right:0px;--awb-border-radius-bottom-left:0px;\" ><div class=\"fusion-builder-row fusion-row fusion-flex-align-items-flex-start\" style=\"max-width:1248px;margin-left: calc(-4% \/ 2 );margin-right: calc(-4% \/ 2 );\"><div class=\"fusion-layout-column fusion_builder_column fusion-builder-column-7 fusion_builder_column_1_1 1_1 fusion-flex-column\" style=\"--awb-bg-blend:overlay;--awb-bg-size:cover;--awb-width-large:100%;--awb-spacing-right-large:1.92%;--awb-spacing-left-large:1.92%;--awb-width-medium:100%;--awb-spacing-right-medium:1.92%;--awb-spacing-left-medium:1.92%;--awb-width-small:100%;--awb-spacing-right-small:1.92%;--awb-spacing-left-small:1.92%;\"><div class=\"fusion-column-wrapper fusion-flex-justify-content-flex-start fusion-content-layout-column\"><div class=\"fusion-title title fusion-title-4 fusion-sep-none fusion-title-text fusion-title-size-three\"><h3 class=\"title-heading-left\" style=\"margin:0;\"><strong>Hur behandlas PEVA?<\/strong><\/h3><\/div><\/div><\/div><\/div><\/div><div class=\"fusion-fullwidth fullwidth-box fusion-builder-row-9 fusion-flex-container nonhundred-percent-fullwidth non-hundred-percent-height-scrolling\" style=\"--awb-border-radius-top-left:0px;--awb-border-radius-top-right:0px;--awb-border-radius-bottom-right:0px;--awb-border-radius-bottom-left:0px;\" ><div class=\"fusion-builder-row fusion-row fusion-flex-align-items-flex-start\" style=\"max-width:1248px;margin-left: calc(-4% \/ 2 );margin-right: calc(-4% \/ 2 );\"><div class=\"fusion-layout-column fusion_builder_column fusion-builder-column-8 fusion_builder_column_1_1 1_1 fusion-flex-column\" style=\"--awb-bg-blend:overlay;--awb-bg-size:cover;--awb-width-large:100%;--awb-spacing-right-large:1.92%;--awb-spacing-left-large:1.92%;--awb-width-medium:100%;--awb-spacing-right-medium:1.92%;--awb-spacing-left-medium:1.92%;--awb-width-small:100%;--awb-spacing-right-small:1.92%;--awb-spacing-left-small:1.92%;\"><div class=\"fusion-column-wrapper fusion-flex-justify-content-flex-start fusion-content-layout-column\"><div class=\"fusion-text fusion-text-5\"><p>I Sverige anv\u00e4nds i stor utstr\u00e4ckning Ponseti-metoden, som \u00e4r en etablerad behandlingsmetod f\u00f6r PEVA. Behandlingen best\u00e5r huvudsakligen av tre delar:<\/p>\n<ol>\n<li><strong>Redression och gipsning<\/strong><br \/>\nFoten korrigeras f\u00f6rsiktigt steg f\u00f6r steg genom manipulation och gipsning. Gipsen byts vanligtvis varje vecka och fotens position f\u00f6rb\u00e4ttras gradvis. Ofta beh\u00f6vs omkring fem till sju gipsningar, \u00e4ven om antalet kan variera.<\/li>\n<li><strong>Eventuell h\u00e4lsenetenotomi<\/strong><br \/>\nN\u00e4r fotens \u00f6vriga delar har korrigerats kan h\u00e4lsenan fortfarande vara f\u00f6r stram f\u00f6r att h\u00e4len ska kunna komma ner r\u00e4tt l\u00e4ge. I s\u00e5dana fall g\u00f6rs en s\u00e5 kallad akillestenotomi, d\u00e4r h\u00e4lsenan delas f\u00f6r att korrigera kvarvarande spetsfotst\u00e4llning. Detta \u00e4r en vanlig del av Ponseti-behandlingen och inneb\u00e4r inte att behandlingen har misslyckats. Efter ingreppet f\u00e5r barnet ytterligare gips under en period.<\/li>\n<li><strong>Ortosbehandling<\/strong><br \/>\nN\u00e4r foten \u00e4r korrigerad b\u00f6rjar n\u00e4sta mycket viktiga del av behandlingen: ortosbehandling Barnet f\u00e5r en s\u00e5 kallad fotabduktionsortos, en sandalliknande sko som \u00e4r kopplad till en skena. Ortosens uppgift \u00e4r att bibeh\u00e5lla den korrigerade foten i r\u00e4tt position medan barnet v\u00e4xer. Det \u00e4r viktigt eftersom PEVA kan komma tillbaka, s\u00e5 kallat recidiv, om den korrigerade positionen inte bibeh\u00e5lls.<\/li>\n<\/ol>\n<\/div><\/div><\/div><\/div><\/div><div class=\"fusion-fullwidth fullwidth-box fusion-builder-row-10 fusion-flex-container nonhundred-percent-fullwidth non-hundred-percent-height-scrolling\" style=\"--awb-border-radius-top-left:0px;--awb-border-radius-top-right:0px;--awb-border-radius-bottom-right:0px;--awb-border-radius-bottom-left:0px;\" ><div class=\"fusion-builder-row fusion-row fusion-flex-align-items-flex-start\" style=\"max-width:1248px;margin-left: calc(-4% \/ 2 );margin-right: calc(-4% \/ 2 );\"><div class=\"fusion-layout-column fusion_builder_column fusion-builder-column-9 fusion_builder_column_1_1 1_1 fusion-flex-column\" style=\"--awb-bg-blend:overlay;--awb-bg-size:cover;--awb-width-large:100%;--awb-spacing-right-large:1.92%;--awb-spacing-left-large:1.92%;--awb-width-medium:100%;--awb-spacing-right-medium:1.92%;--awb-spacing-left-medium:1.92%;--awb-width-small:100%;--awb-spacing-right-small:1.92%;--awb-spacing-left-small:1.92%;\"><div class=\"fusion-column-wrapper fusion-flex-justify-content-flex-start fusion-content-layout-column\"><div class=\"fusion-title title fusion-title-5 fusion-sep-none fusion-title-text fusion-title-size-three\"><h3 class=\"title-heading-left\" style=\"margin:0;\"><strong>Varf\u00f6r beh\u00f6ver barnet ha ortos s\u00e5 l\u00e4nge?<\/strong><\/h3><\/div><\/div><\/div><\/div><\/div><div class=\"fusion-fullwidth fullwidth-box fusion-builder-row-11 fusion-flex-container nonhundred-percent-fullwidth non-hundred-percent-height-scrolling\" style=\"--awb-border-radius-top-left:0px;--awb-border-radius-top-right:0px;--awb-border-radius-bottom-right:0px;--awb-border-radius-bottom-left:0px;\" ><div class=\"fusion-builder-row fusion-row fusion-flex-align-items-flex-start\" style=\"max-width:1248px;margin-left: calc(-4% \/ 2 );margin-right: calc(-4% \/ 2 );\"><div class=\"fusion-layout-column fusion_builder_column fusion-builder-column-10 fusion_builder_column_1_1 1_1 fusion-flex-column\" style=\"--awb-bg-blend:overlay;--awb-bg-size:cover;--awb-width-large:100%;--awb-spacing-right-large:1.92%;--awb-spacing-left-large:1.92%;--awb-width-medium:100%;--awb-spacing-right-medium:1.92%;--awb-spacing-left-medium:1.92%;--awb-width-small:100%;--awb-spacing-right-small:1.92%;--awb-spacing-left-small:1.92%;\"><div class=\"fusion-column-wrapper fusion-flex-justify-content-flex-start fusion-content-layout-column\"><div class=\"fusion-text fusion-text-6\"><p>Det h\u00e4r \u00e4r kanske den del av behandlingen som kan vara sv\u00e5rast f\u00f6r f\u00f6r\u00e4ldrar att f\u00f6rst\u00e5. N\u00e4r foten har korrigerats \u00e4r behandlingen allts\u00e5 inte riktigt f\u00e4rdig. Barnets fot beh\u00f6ver fortfarande st\u00f6d f\u00f6r att beh\u00e5lla den korrigerade positionen under tillv\u00e4xten. D\u00e4rf\u00f6r anv\u00e4nds skor med skena under en l\u00e4ngre period, ofta fram till omkring fyra \u00e5rs \u00e5lder. I b\u00f6rjan anv\u00e4nds ortosen st\u00f6rre delen av dygnet. D\u00e4refter \u00f6verg\u00e5r behandlingen till framf\u00f6r allt anv\u00e4ndning under natten, vid s\u00f6mn och vila. Det exakta schemat best\u00e4ms av barnets behandlande ortoped och kan anpassas efter barnets \u00e5lder, behandling och individuella behov. Ortosen \u00e4r allts\u00e5 inte bara ett hj\u00e4lpmedel f\u00f6r stunden. Den \u00e4r en viktig del av behandlingen som hj\u00e4lper till att minska risken f\u00f6r att felst\u00e4llningen kommer tillbaka.<\/p>\n<\/div><\/div><\/div><\/div><\/div><div class=\"fusion-fullwidth fullwidth-box fusion-builder-row-12 fusion-flex-container nonhundred-percent-fullwidth non-hundred-percent-height-scrolling\" style=\"--awb-border-radius-top-left:0px;--awb-border-radius-top-right:0px;--awb-border-radius-bottom-right:0px;--awb-border-radius-bottom-left:0px;\" ><div class=\"fusion-builder-row fusion-row fusion-flex-align-items-flex-start\" style=\"max-width:1248px;margin-left: calc(-4% \/ 2 );margin-right: calc(-4% \/ 2 );\"><div class=\"fusion-layout-column fusion_builder_column fusion-builder-column-11 fusion_builder_column_1_1 1_1 fusion-flex-column\" style=\"--awb-bg-blend:overlay;--awb-bg-size:cover;--awb-width-large:100%;--awb-spacing-right-large:1.92%;--awb-spacing-left-large:1.92%;--awb-width-medium:100%;--awb-spacing-right-medium:1.92%;--awb-spacing-left-medium:1.92%;--awb-width-small:100%;--awb-spacing-right-small:1.92%;--awb-spacing-left-small:1.92%;\"><div class=\"fusion-column-wrapper fusion-flex-justify-content-flex-start fusion-content-layout-column\"><div class=\"fusion-title title fusion-title-6 fusion-sep-none fusion-title-text fusion-title-size-three\"><h3 class=\"title-heading-left\" style=\"margin:0;\"><strong>Ortosen \u2013 en viktig del av vardagen<\/strong><\/h3><\/div><\/div><\/div><\/div><\/div><div class=\"fusion-fullwidth fullwidth-box fusion-builder-row-13 fusion-flex-container nonhundred-percent-fullwidth non-hundred-percent-height-scrolling\" style=\"--awb-border-radius-top-left:0px;--awb-border-radius-top-right:0px;--awb-border-radius-bottom-right:0px;--awb-border-radius-bottom-left:0px;\" ><div class=\"fusion-builder-row fusion-row fusion-flex-align-items-flex-start\" style=\"max-width:1248px;margin-left: calc(-4% \/ 2 );margin-right: calc(-4% \/ 2 );\"><div class=\"fusion-layout-column fusion_builder_column fusion-builder-column-12 fusion_builder_column_1_1 1_1 fusion-flex-column\" style=\"--awb-bg-blend:overlay;--awb-bg-size:cover;--awb-width-large:100%;--awb-spacing-right-large:1.92%;--awb-spacing-left-large:1.92%;--awb-width-medium:100%;--awb-spacing-right-medium:1.92%;--awb-spacing-left-medium:1.92%;--awb-width-small:100%;--awb-spacing-right-small:1.92%;--awb-spacing-left-small:1.92%;\"><div class=\"fusion-column-wrapper fusion-flex-justify-content-flex-start fusion-content-layout-column\"><div class=\"fusion-text fusion-text-7\"><p>F\u00f6r m\u00e5nga familjer blir skorna och skenan en naturlig del av barnets vardag. Men det betyder inte att vardagen blir enkel. F\u00f6r att ge b\u00e4sta resultat m\u00e5ste barnet sova med ortoserna p\u00e5. F\u00f6tterna ska h\u00e5llas i r\u00e4tt position samtidigt som barnet beh\u00f6ver kunna sova och r\u00f6ra sig s\u00e5 bekv\u00e4mt som m\u00f6jligt. Det \u00e4r d\u00e4rf\u00f6r viktigt att ortosen \u00e4r korrekt utprovad och att f\u00f6r\u00e4ldrarna f\u00e5r tydliga instruktioner fr\u00e5n v\u00e5rdpersonalen hur skorna ska tas p\u00e5.<\/p>\n<p>Forskningen visar ocks\u00e5 att det finns utmaningar kring anv\u00e4ndningen av fotabduktionsortoser. Sv\u00e5righeter med att tolerera ortosen och att anv\u00e4nda den enligt rekommendationerna kan p\u00e5verka behandlingsresultatet och risken f\u00f6r recidiv. Bra information, r\u00e4tt utprovning och st\u00f6d fr\u00e5n v\u00e5rdteamet \u00e4r d\u00e4rf\u00f6r viktiga delar f\u00f6r en lyckad ortosbehandling.<\/p>\n<\/div><\/div><\/div><\/div><\/div><div class=\"fusion-fullwidth fullwidth-box fusion-builder-row-14 fusion-flex-container nonhundred-percent-fullwidth non-hundred-percent-height-scrolling\" style=\"--awb-border-radius-top-left:0px;--awb-border-radius-top-right:0px;--awb-border-radius-bottom-right:0px;--awb-border-radius-bottom-left:0px;\" ><div class=\"fusion-builder-row fusion-row fusion-flex-align-items-flex-start\" style=\"max-width:1248px;margin-left: calc(-4% \/ 2 );margin-right: calc(-4% \/ 2 );\"><div class=\"fusion-layout-column fusion_builder_column fusion-builder-column-13 fusion_builder_column_1_1 1_1 fusion-flex-column\" style=\"--awb-bg-blend:overlay;--awb-bg-size:cover;--awb-width-large:100%;--awb-spacing-right-large:1.92%;--awb-spacing-left-large:1.92%;--awb-width-medium:100%;--awb-spacing-right-medium:1.92%;--awb-spacing-left-medium:1.92%;--awb-width-small:100%;--awb-spacing-right-small:1.92%;--awb-spacing-left-small:1.92%;\"><div class=\"fusion-column-wrapper fusion-flex-justify-content-flex-start fusion-content-layout-column\"><div class=\"fusion-title title fusion-title-7 fusion-sep-none fusion-title-text fusion-title-size-three\"><h3 class=\"title-heading-left\" style=\"margin:0;\"><strong>Det finns olika ortoser f\u00f6r behandling av PEVA<\/strong><\/h3><\/div><\/div><\/div><\/div><\/div><div class=\"fusion-fullwidth fullwidth-box fusion-builder-row-15 fusion-flex-container nonhundred-percent-fullwidth non-hundred-percent-height-scrolling\" style=\"--awb-border-radius-top-left:0px;--awb-border-radius-top-right:0px;--awb-border-radius-bottom-right:0px;--awb-border-radius-bottom-left:0px;\" ><div class=\"fusion-builder-row fusion-row fusion-flex-align-items-flex-start\" style=\"max-width:1248px;margin-left: calc(-4% \/ 2 );margin-right: calc(-4% \/ 2 );\"><div class=\"fusion-layout-column fusion_builder_column fusion-builder-column-14 fusion_builder_column_1_1 1_1 fusion-flex-column\" style=\"--awb-bg-blend:overlay;--awb-bg-size:cover;--awb-width-large:100%;--awb-spacing-right-large:1.92%;--awb-spacing-left-large:1.92%;--awb-width-medium:100%;--awb-spacing-right-medium:1.92%;--awb-spacing-left-medium:1.92%;--awb-width-small:100%;--awb-spacing-right-small:1.92%;--awb-spacing-left-small:1.92%;\"><div class=\"fusion-column-wrapper fusion-flex-justify-content-flex-start fusion-content-layout-column\"><div class=\"fusion-text fusion-text-8\"><p>Den klassiska fotabduktionsortosen best\u00e5r av rigida sandalliknande skor som kopplas samman med en skena. Det finns idag flera olika l\u00f6sningar. Gemensamt \u00e4r att de ska hj\u00e4lpa till att h\u00e5lla den korrigerade foten i den position som behandlingen kr\u00e4ver. Vilken ortos som passar b\u00e4st kan bero p\u00e5 bland annat:<\/p>\n<ul>\n<li>om barnet har PEVA i en eller b\u00e5da f\u00f6tterna<\/li>\n<li>barnets \u00e5lder<\/li>\n<li>fotens storlek<\/li>\n<li>hur korrigeringen ser ut<\/li>\n<li>hur barnet tolererar ortosen<\/li>\n<li>vilken behandling och uppf\u00f6ljning som anv\u00e4nds av v\u00e5rdgivaren<\/li>\n<\/ul>\n<p>I en svensk studie av barn med PEVA hade 35 % av barnen med isolerad PEVA bytt ortostyp f\u00f6re fyra \u00e5rs \u00e5lder. Det visar att ortosbehandlingen kan beh\u00f6va anpassas under barnets uppv\u00e4xt.<\/p>\n<\/div><\/div><\/div><\/div><\/div><div class=\"fusion-fullwidth fullwidth-box fusion-builder-row-16 fusion-flex-container nonhundred-percent-fullwidth non-hundred-percent-height-scrolling\" style=\"--awb-border-radius-top-left:0px;--awb-border-radius-top-right:0px;--awb-border-radius-bottom-right:0px;--awb-border-radius-bottom-left:0px;\" ><div class=\"fusion-builder-row fusion-row fusion-flex-align-items-flex-start\" style=\"max-width:1248px;margin-left: calc(-4% \/ 2 );margin-right: calc(-4% \/ 2 );\"><div class=\"fusion-layout-column fusion_builder_column fusion-builder-column-15 fusion_builder_column_1_1 1_1 fusion-flex-column\" style=\"--awb-bg-blend:overlay;--awb-bg-size:cover;--awb-width-large:100%;--awb-spacing-right-large:1.92%;--awb-spacing-left-large:1.92%;--awb-width-medium:100%;--awb-spacing-right-medium:1.92%;--awb-spacing-left-medium:1.92%;--awb-width-small:100%;--awb-spacing-right-small:1.92%;--awb-spacing-left-small:1.92%;\"><div class=\"fusion-column-wrapper fusion-flex-justify-content-flex-start fusion-content-layout-column\"><div class=\"fusion-title title fusion-title-8 fusion-sep-none fusion-title-text fusion-title-size-three\"><h3 class=\"title-heading-left\" style=\"margin:0;\"><strong>Mitchell Ponseti och C-pro \u2013 marknadsledande produktsortiment vid PEVA<\/strong><\/h3><\/div><\/div><\/div><\/div><\/div><div class=\"fusion-fullwidth fullwidth-box fusion-builder-row-17 fusion-flex-container nonhundred-percent-fullwidth non-hundred-percent-height-scrolling\" style=\"--awb-border-radius-top-left:0px;--awb-border-radius-top-right:0px;--awb-border-radius-bottom-right:0px;--awb-border-radius-bottom-left:0px;\" ><div class=\"fusion-builder-row fusion-row fusion-flex-align-items-flex-start\" style=\"max-width:1248px;margin-left: calc(-4% \/ 2 );margin-right: calc(-4% \/ 2 );\"><div class=\"fusion-layout-column fusion_builder_column fusion-builder-column-16 fusion_builder_column_2_3 2_3 fusion-flex-column\" style=\"--awb-bg-blend:overlay;--awb-bg-size:cover;--awb-width-large:66.666666666667%;--awb-spacing-right-large:2.88%;--awb-spacing-left-large:2.88%;--awb-width-medium:100%;--awb-spacing-right-medium:1.92%;--awb-spacing-left-medium:1.92%;--awb-width-small:100%;--awb-spacing-right-small:1.92%;--awb-spacing-left-small:1.92%;\"><div class=\"fusion-column-wrapper fusion-flex-justify-content-flex-start fusion-content-layout-column\"><div class=\"fusion-text fusion-text-9\"><p>Mitchell Ponseti-sortimentet \u00e4r utvecklat i samarbete mellan kirurgen DR. IGNACIO VIVES PONSETI som utformade Ponseti-metoden, det ledande behandlingskonceptet vid PEVA och John Mitchell. En central del av sortimentet \u00e4r Ponseti\u00ae AFO, en specialutvecklad fot-ortos som anv\u00e4nds tillsammans med Ponseti\u2019s skena, den s\u00e5 kallade Abduction Bar. Ortosen h\u00e5ller foten i den position som kr\u00e4vs efter korrigeringen, medan skenan h\u00e5ller f\u00f6tterna i r\u00e4tt abduktion. Sortimentet omfattar \u00e4ven olika modeller, storlekar och tillbeh\u00f6r som g\u00f6r det m\u00f6jligt att anpassa l\u00f6sningen efter barnets individuella behov och behandlingsfas.<\/p>\n<p>C-Pro \u00e4r ett sortiment av ortoser och tillbeh\u00f6r som \u00e4r s\u00e4rskilt utvecklat f\u00f6r barn med PEVA och andra pediatriska fotproblem. C-Pro har arbetat med behandling av klumpfot i \u00f6ver 20 \u00e5r och har utvecklat ett omfattande sortiment av ortoser f\u00f6r olika behandlingssituationer. En central del av sortimentet \u00e4r C-Pro ADM, ett modul\u00e4rt system som kombinerar ortos och skena och kan konfigureras efter barnets individuella behov. ADM st\u00e5r f\u00f6r Abduction Dorsiflexion Mechanism och \u00e4r utvecklad f\u00f6r att h\u00e5lla den korrigerade foten i abduktion och dorsalflexion efter korrigering av klumpfoten.<\/p>\n<\/div><\/div><\/div><div class=\"fusion-layout-column fusion_builder_column fusion-builder-column-17 fusion_builder_column_1_3 1_3 fusion-flex-column\" style=\"--awb-bg-blend:overlay;--awb-bg-size:cover;--awb-width-large:33.333333333333%;--awb-spacing-right-large:5.76%;--awb-spacing-left-large:5.76%;--awb-width-medium:100%;--awb-spacing-right-medium:1.92%;--awb-spacing-left-medium:1.92%;--awb-width-small:100%;--awb-spacing-right-small:1.92%;--awb-spacing-left-small:1.92%;\"><div class=\"fusion-column-wrapper fusion-flex-justify-content-flex-start fusion-content-layout-column\"><div class=\"fusion-image-element \"><span class=\" fusion-imageframe imageframe-none imageframe-1 hover-type-none\"><img decoding=\"async\" width=\"300\" height=\"226\" title=\"Ponseti_artikel_PEVA\" src=\"https:\/\/embreis.com\/se\/wp-content\/uploads\/sites\/6\/2026\/08\/Ponseti_artikel_PEVA.png\" data-orig-src=\"https:\/\/embreis.com\/se\/wp-content\/uploads\/sites\/6\/2026\/08\/Ponseti_artikel_PEVA-300x226.png\" alt class=\"lazyload img-responsive wp-image-14935\" srcset=\"data:image\/svg+xml,%3Csvg%20xmlns%3D%27http%3A%2F%2Fwww.w3.org%2F2000%2Fsvg%27%20width%3D%27800%27%20height%3D%27602%27%20viewBox%3D%270%200%20800%20602%27%3E%3Crect%20width%3D%27800%27%20height%3D%27602%27%20fill-opacity%3D%220%22%2F%3E%3C%2Fsvg%3E\" data-srcset=\"https:\/\/embreis.com\/se\/wp-content\/uploads\/sites\/6\/2026\/08\/Ponseti_artikel_PEVA-200x151.png 200w, https:\/\/embreis.com\/se\/wp-content\/uploads\/sites\/6\/2026\/08\/Ponseti_artikel_PEVA-400x301.png 400w, https:\/\/embreis.com\/se\/wp-content\/uploads\/sites\/6\/2026\/08\/Ponseti_artikel_PEVA-600x452.png 600w, https:\/\/embreis.com\/se\/wp-content\/uploads\/sites\/6\/2026\/08\/Ponseti_artikel_PEVA.png 800w\" data-sizes=\"auto\" data-orig-sizes=\"(max-width: 1024px) 100vw, (max-width: 640px) 100vw, 400px\" \/><\/span><\/div><\/div><\/div><\/div><\/div><div class=\"fusion-fullwidth fullwidth-box fusion-builder-row-18 fusion-flex-container nonhundred-percent-fullwidth non-hundred-percent-height-scrolling\" style=\"--awb-border-radius-top-left:0px;--awb-border-radius-top-right:0px;--awb-border-radius-bottom-right:0px;--awb-border-radius-bottom-left:0px;\" ><div class=\"fusion-builder-row fusion-row fusion-flex-align-items-flex-start\" style=\"max-width:1248px;margin-left: calc(-4% \/ 2 );margin-right: calc(-4% \/ 2 );\"><div class=\"fusion-layout-column fusion_builder_column fusion-builder-column-18 fusion_builder_column_1_1 1_1 fusion-flex-column\" style=\"--awb-bg-blend:overlay;--awb-bg-size:cover;--awb-width-large:100%;--awb-spacing-right-large:1.92%;--awb-spacing-left-large:1.92%;--awb-width-medium:100%;--awb-spacing-right-medium:1.92%;--awb-spacing-left-medium:1.92%;--awb-width-small:100%;--awb-spacing-right-small:1.92%;--awb-spacing-left-small:1.92%;\"><div class=\"fusion-column-wrapper fusion-flex-justify-content-flex-start fusion-content-layout-column\"><div class=\"fusion-title title fusion-title-9 fusion-sep-none fusion-title-text fusion-title-size-three\"><h3 class=\"title-heading-left\" style=\"margin:0;\"><strong>Nyhet: C-Pro, det flexibla ortossystemet<\/strong><\/h3><\/div><\/div><\/div><\/div><\/div><div class=\"fusion-fullwidth fullwidth-box fusion-builder-row-19 fusion-flex-container nonhundred-percent-fullwidth non-hundred-percent-height-scrolling\" style=\"--awb-border-radius-top-left:0px;--awb-border-radius-top-right:0px;--awb-border-radius-bottom-right:0px;--awb-border-radius-bottom-left:0px;\" ><div class=\"fusion-builder-row fusion-row fusion-flex-align-items-flex-start\" style=\"max-width:1248px;margin-left: calc(-4% \/ 2 );margin-right: calc(-4% \/ 2 );\"><div class=\"fusion-layout-column fusion_builder_column fusion-builder-column-19 fusion_builder_column_1_3 1_3 fusion-flex-column\" style=\"--awb-bg-blend:overlay;--awb-bg-size:cover;--awb-width-large:33.333333333333%;--awb-spacing-right-large:5.76%;--awb-spacing-left-large:5.76%;--awb-width-medium:100%;--awb-spacing-right-medium:1.92%;--awb-spacing-left-medium:1.92%;--awb-width-small:100%;--awb-spacing-right-small:1.92%;--awb-spacing-left-small:1.92%;\"><div class=\"fusion-column-wrapper fusion-flex-justify-content-flex-start fusion-content-layout-column\"><div class=\"fusion-image-element \"><span class=\" fusion-imageframe imageframe-none imageframe-2 hover-type-none\"><img decoding=\"async\" width=\"300\" height=\"300\" title=\"C-Pro_AFO-skena_4\" src=\"https:\/\/embreis.com\/se\/wp-content\/uploads\/sites\/6\/2026\/08\/C-Pro_AFO-skena_4.png\" data-orig-src=\"https:\/\/embreis.com\/se\/wp-content\/uploads\/sites\/6\/2026\/08\/C-Pro_AFO-skena_4-300x300.png\" alt class=\"lazyload img-responsive wp-image-14821\" srcset=\"data:image\/svg+xml,%3Csvg%20xmlns%3D%27http%3A%2F%2Fwww.w3.org%2F2000%2Fsvg%27%20width%3D%27800%27%20height%3D%27800%27%20viewBox%3D%270%200%20800%20800%27%3E%3Crect%20width%3D%27800%27%20height%3D%27800%27%20fill-opacity%3D%220%22%2F%3E%3C%2Fsvg%3E\" data-srcset=\"https:\/\/embreis.com\/se\/wp-content\/uploads\/sites\/6\/2026\/08\/C-Pro_AFO-skena_4-200x200.png 200w, https:\/\/embreis.com\/se\/wp-content\/uploads\/sites\/6\/2026\/08\/C-Pro_AFO-skena_4-400x400.png 400w, https:\/\/embreis.com\/se\/wp-content\/uploads\/sites\/6\/2026\/08\/C-Pro_AFO-skena_4-600x600.png 600w, https:\/\/embreis.com\/se\/wp-content\/uploads\/sites\/6\/2026\/08\/C-Pro_AFO-skena_4.png 800w\" data-sizes=\"auto\" data-orig-sizes=\"(max-width: 1024px) 100vw, (max-width: 640px) 100vw, 400px\" \/><\/span><\/div><\/div><\/div><div class=\"fusion-layout-column fusion_builder_column fusion-builder-column-20 fusion_builder_column_2_3 2_3 fusion-flex-column\" style=\"--awb-bg-blend:overlay;--awb-bg-size:cover;--awb-width-large:66.666666666667%;--awb-spacing-right-large:2.88%;--awb-spacing-left-large:2.88%;--awb-width-medium:100%;--awb-spacing-right-medium:1.92%;--awb-spacing-left-medium:1.92%;--awb-width-small:100%;--awb-spacing-right-small:1.92%;--awb-spacing-left-small:1.92%;\"><div class=\"fusion-column-wrapper fusion-flex-justify-content-flex-start fusion-content-layout-column\"><div class=\"fusion-text fusion-text-10\"><p>C-Pro-systemet \u00e4r modul\u00e4rt, vilket inneb\u00e4r att olika komponenter kan kombineras beroende p\u00e5 barnets situation. Systemet omfattar bland annat:<\/p>\n<ul>\n<li>ADM-ortoser<\/li>\n<li>skenor med olika funktioner<\/li>\n<li>nattortoser<\/li>\n<li>l\u00f6sningar f\u00f6r unilateral och bilateral PEVA<\/li>\n<li>tillbeh\u00f6r f\u00f6r att underl\u00e4tta anv\u00e4ndningen<\/li>\n<li>produkter f\u00f6r olika behandlings- och tillv\u00e4xtfaser<\/li>\n<\/ul>\n<p>C-Pro erbjuder \u00e4ven olika fj\u00e4derkonfigurationer i ADM-systemet, vilket g\u00f6r det m\u00f6jligt f\u00f6r v\u00e5rdgivaren att anpassa systemet efter barnets behov.\u00a0F\u00f6r\u00e4ldern beh\u00f6ver allts\u00e5 inte sj\u00e4lv avg\u00f6ra vilken kombination som \u00e4r r\u00e4tt.\u00a0Det \u00e4r v\u00e5rdgivaren som bed\u00f6mer, provar ut och anpassar ortosen efter barnet.<\/p>\n<\/div><\/div><\/div><\/div><\/div><div class=\"fusion-fullwidth fullwidth-box fusion-builder-row-20 fusion-flex-container nonhundred-percent-fullwidth non-hundred-percent-height-scrolling\" style=\"--awb-border-radius-top-left:0px;--awb-border-radius-top-right:0px;--awb-border-radius-bottom-right:0px;--awb-border-radius-bottom-left:0px;\" ><div class=\"fusion-builder-row fusion-row fusion-flex-align-items-flex-start\" style=\"max-width:1248px;margin-left: calc(-4% \/ 2 );margin-right: calc(-4% \/ 2 );\"><div class=\"fusion-layout-column fusion_builder_column fusion-builder-column-21 fusion_builder_column_1_1 1_1 fusion-flex-column\" style=\"--awb-bg-blend:overlay;--awb-bg-size:cover;--awb-width-large:100%;--awb-spacing-right-large:1.92%;--awb-spacing-left-large:1.92%;--awb-width-medium:100%;--awb-spacing-right-medium:1.92%;--awb-spacing-left-medium:1.92%;--awb-width-small:100%;--awb-spacing-right-small:1.92%;--awb-spacing-left-small:1.92%;\"><div class=\"fusion-column-wrapper fusion-flex-justify-content-flex-start fusion-content-layout-column\"><div class=\"fusion-title title fusion-title-10 fusion-sep-none fusion-title-text fusion-title-size-three\"><h3 class=\"title-heading-left\" style=\"margin:0;\"><strong>C-Pro eller Ponseti \u2013 vad \u00e4r skillnaden?<\/strong><\/h3><\/div><\/div><\/div><\/div><\/div><div class=\"fusion-fullwidth fullwidth-box fusion-builder-row-21 fusion-flex-container nonhundred-percent-fullwidth non-hundred-percent-height-scrolling\" style=\"--awb-border-radius-top-left:0px;--awb-border-radius-top-right:0px;--awb-border-radius-bottom-right:0px;--awb-border-radius-bottom-left:0px;\" ><div class=\"fusion-builder-row fusion-row fusion-flex-align-items-flex-start\" style=\"max-width:1248px;margin-left: calc(-4% \/ 2 );margin-right: calc(-4% \/ 2 );\"><div class=\"fusion-layout-column fusion_builder_column fusion-builder-column-22 fusion_builder_column_1_1 1_1 fusion-flex-column\" style=\"--awb-bg-blend:overlay;--awb-bg-size:cover;--awb-width-large:100%;--awb-spacing-right-large:1.92%;--awb-spacing-left-large:1.92%;--awb-width-medium:100%;--awb-spacing-right-medium:1.92%;--awb-spacing-left-medium:1.92%;--awb-width-small:100%;--awb-spacing-right-small:1.92%;--awb-spacing-left-small:1.92%;\"><div class=\"fusion-column-wrapper fusion-flex-justify-content-flex-start fusion-content-layout-column\"><div class=\"fusion-text fusion-text-11\"><p>Det \u00e4r viktigt att skilja p\u00e5 Ponseti-metoden och de ortoser som anv\u00e4nds efter att foten har korrigerats.\u00a0Ponseti-metoden \u00e4r en etablerad behandlingsmetod f\u00f6r PEVA och inneb\u00e4r att foten stegvis korrigeras genom manipulation och gipsning, med eventuell h\u00e4lsenetenotomi n\u00e4r det beh\u00f6vs.\u00a0N\u00e4r foten har korrigerats b\u00f6rjar den viktiga ortosfasen. D\u00e5 anv\u00e4nds en fotabduktionsortos f\u00f6r att hj\u00e4lpa till att bibeh\u00e5lla fotens korrigerade position och minska risken f\u00f6r att felst\u00e4llningen \u00e5terkommer.<\/p>\n<p>Det finns olika ortosl\u00f6sningar f\u00f6r denna del av behandlingen. B\u00e5de C-Pro och Ponseti erbjuder sortiment av skor, ortoser och skenor som kan anv\u00e4ndas efter korrigeringen. Vilken l\u00f6sning som \u00e4r l\u00e4mplig beror bland annat p\u00e5 barnets individuella behov, behandlingsfas och v\u00e5rdgivarens bed\u00f6mning.\u00a0Med andra ord:\u00a0Ponseti-metoden korrigerar foten medan ortoser fr\u00e5n C-Pro eller Ponseti hj\u00e4lper till att beh\u00e5lla korrigeringen.\u00a0Det \u00e4r barnets behandlande v\u00e5rdteam som bed\u00f6mer vilken ortosl\u00f6sning som passar b\u00e4st.<\/p>\n<\/div><\/div><\/div><\/div><\/div><div class=\"fusion-fullwidth fullwidth-box fusion-builder-row-22 fusion-flex-container nonhundred-percent-fullwidth non-hundred-percent-height-scrolling\" style=\"--awb-border-radius-top-left:0px;--awb-border-radius-top-right:0px;--awb-border-radius-bottom-right:0px;--awb-border-radius-bottom-left:0px;\" ><div class=\"fusion-builder-row fusion-row fusion-flex-align-items-flex-start\" style=\"max-width:1248px;margin-left: calc(-4% \/ 2 );margin-right: calc(-4% \/ 2 );\"><div class=\"fusion-layout-column fusion_builder_column fusion-builder-column-23 fusion_builder_column_1_1 1_1 fusion-flex-column\" style=\"--awb-bg-blend:overlay;--awb-bg-size:cover;--awb-width-large:100%;--awb-spacing-right-large:1.92%;--awb-spacing-left-large:1.92%;--awb-width-medium:100%;--awb-spacing-right-medium:1.92%;--awb-spacing-left-medium:1.92%;--awb-width-small:100%;--awb-spacing-right-small:1.92%;--awb-spacing-left-small:1.92%;\"><div class=\"fusion-column-wrapper fusion-flex-justify-content-flex-start fusion-content-layout-column\"><div class=\"fusion-title title fusion-title-11 fusion-sep-none fusion-title-text fusion-title-size-three\"><h3 class=\"title-heading-left\" style=\"margin:0;\"><strong>Hur f\u00e5r mitt barn en C-Pro eller Ponseti-ortos?<\/strong><\/h3><\/div><\/div><\/div><\/div><\/div><div class=\"fusion-fullwidth fullwidth-box fusion-builder-row-23 fusion-flex-container nonhundred-percent-fullwidth non-hundred-percent-height-scrolling\" style=\"--awb-border-radius-top-left:0px;--awb-border-radius-top-right:0px;--awb-border-radius-bottom-right:0px;--awb-border-radius-bottom-left:0px;\" ><div class=\"fusion-builder-row fusion-row fusion-flex-align-items-flex-start\" style=\"max-width:1248px;margin-left: calc(-4% \/ 2 );margin-right: calc(-4% \/ 2 );\"><div class=\"fusion-layout-column fusion_builder_column fusion-builder-column-24 fusion_builder_column_1_1 1_1 fusion-flex-column\" style=\"--awb-bg-blend:overlay;--awb-bg-size:cover;--awb-width-large:100%;--awb-spacing-right-large:1.92%;--awb-spacing-left-large:1.92%;--awb-width-medium:100%;--awb-spacing-right-medium:1.92%;--awb-spacing-left-medium:1.92%;--awb-width-small:100%;--awb-spacing-right-small:1.92%;--awb-spacing-left-small:1.92%;\"><div class=\"fusion-column-wrapper fusion-flex-justify-content-flex-start fusion-content-layout-column\"><div class=\"fusion-text fusion-text-12\"><p>Om ditt barn har f\u00e5tt diagnosen PEVA \u00e4r det barnets behandlande ortoped och ortopedtekniska team som ansvarar f\u00f6r behandlingen och bed\u00f6mer vilken ortos som \u00e4r l\u00e4mplig. Om v\u00e5rdgivaren bed\u00f6mer att en Ponseti eller C-Pro-l\u00f6sning passar ditt barn kan ortosen provas ut och anpassas efter barnets behov. Som f\u00f6r\u00e4lder beh\u00f6ver du allts\u00e5 normalt inte sj\u00e4lv k\u00f6pa eller v\u00e4lja r\u00e4tt ortos. Om du har f\u00e5tt information om Ponseti eller C-Pro fr\u00e5n v\u00e5rdpersonalen och vill veta mer kan du ocks\u00e5 kontakta Embreis.<\/p>\n<p><em>Vi kan hj\u00e4lpa dig med information om produkterna och v\u00e4gleda dig till r\u00e4tt kontakt inom v\u00e5rden.<\/em><\/p>\n<\/div><\/div><\/div><\/div><\/div><div class=\"fusion-fullwidth fullwidth-box fusion-builder-row-24 fusion-flex-container nonhundred-percent-fullwidth non-hundred-percent-height-scrolling\" style=\"--awb-border-radius-top-left:0px;--awb-border-radius-top-right:0px;--awb-border-radius-bottom-right:0px;--awb-border-radius-bottom-left:0px;\" ><div class=\"fusion-builder-row fusion-row fusion-flex-align-items-flex-start\" style=\"max-width:1248px;margin-left: calc(-4% \/ 2 );margin-right: calc(-4% \/ 2 );\"><div class=\"fusion-layout-column fusion_builder_column fusion-builder-column-25 fusion_builder_column_1_1 1_1 fusion-flex-column\" style=\"--awb-bg-blend:overlay;--awb-bg-size:cover;--awb-width-large:100%;--awb-spacing-right-large:1.92%;--awb-spacing-left-large:1.92%;--awb-width-medium:100%;--awb-spacing-right-medium:1.92%;--awb-spacing-left-medium:1.92%;--awb-width-small:100%;--awb-spacing-right-small:1.92%;--awb-spacing-left-small:1.92%;\"><div class=\"fusion-column-wrapper fusion-flex-justify-content-flex-start fusion-content-layout-column\"><div class=\"fusion-title title fusion-title-12 fusion-sep-none fusion-title-text fusion-title-size-three\"><h3 class=\"title-heading-left\" style=\"margin:0;\"><strong>Det viktigaste att komma ih\u00e5g<\/strong><\/h3><\/div><\/div><\/div><\/div><\/div><div class=\"fusion-fullwidth fullwidth-box fusion-builder-row-25 fusion-flex-container nonhundred-percent-fullwidth non-hundred-percent-height-scrolling\" style=\"--awb-border-radius-top-left:0px;--awb-border-radius-top-right:0px;--awb-border-radius-bottom-right:0px;--awb-border-radius-bottom-left:0px;\" ><div class=\"fusion-builder-row fusion-row fusion-flex-align-items-flex-start\" style=\"max-width:1248px;margin-left: calc(-4% \/ 2 );margin-right: calc(-4% \/ 2 );\"><div class=\"fusion-layout-column fusion_builder_column fusion-builder-column-26 fusion_builder_column_1_1 1_1 fusion-flex-column\" style=\"--awb-bg-blend:overlay;--awb-bg-size:cover;--awb-width-large:100%;--awb-spacing-right-large:1.92%;--awb-spacing-left-large:1.92%;--awb-width-medium:100%;--awb-spacing-right-medium:1.92%;--awb-spacing-left-medium:1.92%;--awb-width-small:100%;--awb-spacing-right-small:1.92%;--awb-spacing-left-small:1.92%;\"><div class=\"fusion-column-wrapper fusion-flex-justify-content-flex-start fusion-content-layout-column\"><div class=\"fusion-text fusion-text-13\"><p>Att f\u00e5 diagnosen PEVA kan k\u00e4nnas omtumlande \u2013 s\u00e4rskilt n\u00e4r det handlar om ens nyf\u00f6dda barn.\u00a0Men PEVA \u00e4r ett v\u00e4lk\u00e4nt och behandlingsbart tillst\u00e5nd.\u00a0Med modern behandling \u00e4r prognosen god, och de flesta barn som behandlas framg\u00e5ngsrikt kan leva ett aktivt liv med fungerande f\u00f6tter.\u00a0Behandlingen \u00e4r d\u00e4remot en process som str\u00e4cker sig \u00f6ver flera \u00e5r.<\/p>\n<p><strong>Gipsbehandlingen korrigerar foten.\u00a0<\/strong><strong>Ortosbehandlingen hj\u00e4lper till att beh\u00e5lla korrigeringen.<\/strong><\/p>\n<p>Och v\u00e5rdteamet hj\u00e4lper dig som f\u00f6r\u00e4lder genom hela processen.<\/p>\n<\/div><\/div><\/div><\/div><\/div><div class=\"fusion-fullwidth fullwidth-box fusion-builder-row-26 fusion-flex-container nonhundred-percent-fullwidth non-hundred-percent-height-scrolling\" style=\"--awb-border-radius-top-left:0px;--awb-border-radius-top-right:0px;--awb-border-radius-bottom-right:0px;--awb-border-radius-bottom-left:0px;\" ><div class=\"fusion-builder-row fusion-row fusion-flex-align-items-flex-start\" style=\"max-width:1248px;margin-left: calc(-4% \/ 2 );margin-right: calc(-4% \/ 2 );\"><div class=\"fusion-layout-column fusion_builder_column fusion-builder-column-27 fusion_builder_column_1_1 1_1 fusion-flex-column\" style=\"--awb-bg-blend:overlay;--awb-bg-size:cover;--awb-width-large:100%;--awb-spacing-right-large:1.92%;--awb-spacing-left-large:1.92%;--awb-width-medium:100%;--awb-spacing-right-medium:1.92%;--awb-spacing-left-medium:1.92%;--awb-width-small:100%;--awb-spacing-right-small:1.92%;--awb-spacing-left-small:1.92%;\"><div class=\"fusion-column-wrapper fusion-flex-justify-content-flex-start fusion-content-layout-column\"><div class=\"fusion-title title fusion-title-13 fusion-sep-none fusion-title-text fusion-title-size-three\"><h3 class=\"title-heading-left\" style=\"margin:0;\"><strong>Vill du veta mer om Ponseti och C-Pro?<\/strong><\/h3><\/div><\/div><\/div><\/div><\/div><div class=\"fusion-fullwidth fullwidth-box fusion-builder-row-27 fusion-flex-container nonhundred-percent-fullwidth non-hundred-percent-height-scrolling\" style=\"--awb-border-radius-top-left:0px;--awb-border-radius-top-right:0px;--awb-border-radius-bottom-right:0px;--awb-border-radius-bottom-left:0px;\" ><div class=\"fusion-builder-row fusion-row fusion-flex-align-items-flex-start\" style=\"max-width:1248px;margin-left: calc(-4% \/ 2 );margin-right: calc(-4% \/ 2 );\"><div class=\"fusion-layout-column fusion_builder_column fusion-builder-column-28 fusion_builder_column_1_1 1_1 fusion-flex-column\" style=\"--awb-bg-blend:overlay;--awb-bg-size:cover;--awb-width-large:100%;--awb-spacing-right-large:1.92%;--awb-spacing-left-large:1.92%;--awb-width-medium:100%;--awb-spacing-right-medium:1.92%;--awb-spacing-left-medium:1.92%;--awb-width-small:100%;--awb-spacing-right-small:1.92%;--awb-spacing-left-small:1.92%;\"><div class=\"fusion-column-wrapper fusion-flex-justify-content-flex-start fusion-content-layout-column\"><div class=\"fusion-text fusion-text-14\"><p>Embreis \u00e4r sedan m\u00e5nga \u00e5r distribut\u00f6r av Ponseti-sortimentet p\u00e5 den nordiska marknaden. Sedan 2026 \u00e4r vi dessutom distribut\u00f6r av C-Pro.<\/p>\n<\/div><\/div><\/div><\/div><\/div><div class=\"fusion-fullwidth fullwidth-box fusion-builder-row-28 fusion-flex-container nonhundred-percent-fullwidth non-hundred-percent-height-scrolling\" style=\"--awb-border-radius-top-left:0px;--awb-border-radius-top-right:0px;--awb-border-radius-bottom-right:0px;--awb-border-radius-bottom-left:0px;\" ><div class=\"fusion-builder-row fusion-row fusion-flex-align-items-flex-start\" style=\"max-width:1248px;margin-left: calc(-4% \/ 2 );margin-right: calc(-4% \/ 2 );\"><div class=\"fusion-layout-column fusion_builder_column fusion-builder-column-29 fusion_builder_column_1_1 1_1 fusion-flex-column\" style=\"--awb-bg-blend:overlay;--awb-bg-size:cover;--awb-width-large:100%;--awb-spacing-right-large:1.92%;--awb-spacing-left-large:1.92%;--awb-width-medium:100%;--awb-spacing-right-medium:1.92%;--awb-spacing-left-medium:1.92%;--awb-width-small:100%;--awb-spacing-right-small:1.92%;--awb-spacing-left-small:1.92%;\"><div class=\"fusion-column-wrapper fusion-flex-justify-content-flex-start fusion-content-layout-column\"><div style=\"text-align:left;\"><a class=\"fusion-button button-flat fusion-button-default-size button-default fusion-button-default button-1 fusion-button-default-span fusion-button-default-type\" target=\"_self\" href=\"https:\/\/embreis.com\/se\/produktkategori\/ortos\/fot\/peva-klumpfot\/\"><span class=\"fusion-button-text\">L\u00e4s mer om C-Pro och v\u00e5ra PEVA-ortoser \u2192<\/span><\/a><\/div><\/div><\/div><\/div><\/div><div class=\"fusion-fullwidth fullwidth-box fusion-builder-row-29 fusion-flex-container nonhundred-percent-fullwidth non-hundred-percent-height-scrolling\" style=\"--awb-border-radius-top-left:0px;--awb-border-radius-top-right:0px;--awb-border-radius-bottom-right:0px;--awb-border-radius-bottom-left:0px;\" ><div class=\"fusion-builder-row fusion-row fusion-flex-align-items-flex-start\" style=\"max-width:1248px;margin-left: calc(-4% \/ 2 );margin-right: calc(-4% \/ 2 );\"><div class=\"fusion-layout-column fusion_builder_column fusion-builder-column-30 fusion_builder_column_1_1 1_1 fusion-flex-column\" style=\"--awb-bg-blend:overlay;--awb-bg-size:cover;--awb-width-large:100%;--awb-spacing-right-large:1.92%;--awb-spacing-left-large:1.92%;--awb-width-medium:100%;--awb-spacing-right-medium:1.92%;--awb-spacing-left-medium:1.92%;--awb-width-small:100%;--awb-spacing-right-small:1.92%;--awb-spacing-left-small:1.92%;\"><div class=\"fusion-column-wrapper fusion-flex-justify-content-flex-start fusion-content-layout-column\"><div class=\"fusion-text fusion-text-15\"><p>\u00c4r du f\u00f6r\u00e4lder och har fr\u00e5gor om v\u00e5ra produkter f\u00f6r behandling av PEVA?\u00a0Kontakta oss s\u00e5 hj\u00e4lper vi dig vidare.<\/p>\n<\/div><\/div><\/div><\/div><\/div><\/p>\n","protected":false},"excerpt":{"rendered":"","protected":false},"author":16,"featured_media":14848,"comment_status":"open","ping_status":"open","sticky":false,"template":"","format":"standard","meta":{"footnotes":""},"categories":[1],"tags":[],"class_list":["post-14846","post","type-post","status-publish","format-standard","has-post-thumbnail","hentry","category-nyheter"],"acf":[],"yoast_head":"<!-- This site is optimized with the Yoast SEO Premium plugin v27.3 (Yoast SEO v27.3) - https:\/\/yoast.com\/product\/yoast-seo-premium-wordpress\/ -->\n<title>PEVA och klumpfot \u2013 behandling, ortos och vad du som f\u00f6r\u00e4lder beh\u00f6ver veta<\/title>\n<meta name=\"description\" content=\"Har ditt barn f\u00e5tt diagnosen PEVA, \u00e4ven kallad klumpfot? L\u00e4s om vad PEVA inneb\u00e4r, hur Ponseti-metoden fungerar och varf\u00f6r ortosbehandling \u00e4r viktig.\" \/>\n<meta name=\"robots\" content=\"index, follow, max-snippet:-1, max-image-preview:large, max-video-preview:-1\" \/>\n<link rel=\"canonical\" href=\"https:\/\/embreis.com\/se\/peva-nar-ditt-barn-fods-med-klumpfot\/\" \/>\n<meta property=\"og:locale\" content=\"sv_SE\" \/>\n<meta property=\"og:type\" content=\"article\" \/>\n<meta property=\"og:title\" content=\"PEVA \u2013 n\u00e4r ditt barn f\u00f6ds med klumpfot\" \/>\n<meta property=\"og:description\" content=\"Har ditt barn f\u00e5tt diagnosen PEVA, \u00e4ven kallad klumpfot? L\u00e4s om vad PEVA inneb\u00e4r, hur Ponseti-metoden fungerar och varf\u00f6r ortosbehandling \u00e4r viktig.\" \/>\n<meta property=\"og:url\" content=\"https:\/\/embreis.com\/se\/peva-nar-ditt-barn-fods-med-klumpfot\/\" \/>\n<meta property=\"og:site_name\" content=\"Embreis SE\" \/>\n<meta property=\"article:publisher\" content=\"https:\/\/www.facebook.com\/embreis\/\" \/>\n<meta property=\"article:published_time\" content=\"2026-08-01T12:41:14+00:00\" \/>\n<meta property=\"article:modified_time\" content=\"2026-09-01T13:36:22+00:00\" \/>\n<meta property=\"og:image\" content=\"https:\/\/embreis.com\/se\/wp-content\/uploads\/sites\/6\/2026\/08\/Artikel_PEVA_huvudbild.png\" \/>\n\t<meta property=\"og:image:width\" content=\"1000\" \/>\n\t<meta property=\"og:image:height\" content=\"848\" \/>\n\t<meta property=\"og:image:type\" content=\"image\/png\" \/>\n<meta name=\"author\" content=\"johnnyragnarsson\" \/>\n<meta name=\"twitter:card\" content=\"summary_large_image\" \/>\n<meta name=\"twitter:label1\" content=\"Skriven av\" \/>\n\t<meta name=\"twitter:data1\" content=\"johnnyragnarsson\" \/>\n\t<meta name=\"twitter:label2\" content=\"Ber\u00e4knad l\u00e4stid\" \/>\n\t<meta name=\"twitter:data2\" content=\"19 minuter\" \/>\n<script type=\"application\/ld+json\" class=\"yoast-schema-graph\">{\"@context\":\"https:\\\/\\\/schema.org\",\"@graph\":[{\"@type\":\"Article\",\"@id\":\"https:\\\/\\\/embreis.com\\\/se\\\/peva-nar-ditt-barn-fods-med-klumpfot\\\/#article\",\"isPartOf\":{\"@id\":\"https:\\\/\\\/embreis.com\\\/se\\\/peva-nar-ditt-barn-fods-med-klumpfot\\\/\"},\"author\":{\"name\":\"johnnyragnarsson\",\"@id\":\"https:\\\/\\\/embreis.com\\\/se\\\/#\\\/schema\\\/person\\\/9f75f298897f79d8d960489fec1dddd5\"},\"headline\":\"PEVA \u2013 n\u00e4r ditt barn f\u00f6ds med klumpfot\",\"datePublished\":\"2026-08-01T12:41:14+00:00\",\"dateModified\":\"2026-09-01T13:36:22+00:00\",\"mainEntityOfPage\":{\"@id\":\"https:\\\/\\\/embreis.com\\\/se\\\/peva-nar-ditt-barn-fods-med-klumpfot\\\/\"},\"wordCount\":7569,\"commentCount\":0,\"publisher\":{\"@id\":\"https:\\\/\\\/embreis.com\\\/se\\\/#organization\"},\"image\":{\"@id\":\"https:\\\/\\\/embreis.com\\\/se\\\/peva-nar-ditt-barn-fods-med-klumpfot\\\/#primaryimage\"},\"thumbnailUrl\":\"https:\\\/\\\/embreis.com\\\/se\\\/wp-content\\\/uploads\\\/sites\\\/6\\\/2026\\\/08\\\/Artikel_PEVA_huvudbild.png\",\"articleSection\":[\"Nyheter\"],\"inLanguage\":\"sv-SE\",\"potentialAction\":[{\"@type\":\"CommentAction\",\"name\":\"Comment\",\"target\":[\"https:\\\/\\\/embreis.com\\\/se\\\/peva-nar-ditt-barn-fods-med-klumpfot\\\/#respond\"]}]},{\"@type\":\"WebPage\",\"@id\":\"https:\\\/\\\/embreis.com\\\/se\\\/peva-nar-ditt-barn-fods-med-klumpfot\\\/\",\"url\":\"https:\\\/\\\/embreis.com\\\/se\\\/peva-nar-ditt-barn-fods-med-klumpfot\\\/\",\"name\":\"PEVA och klumpfot \u2013 behandling, ortos och vad du som f\u00f6r\u00e4lder beh\u00f6ver veta\",\"isPartOf\":{\"@id\":\"https:\\\/\\\/embreis.com\\\/se\\\/#website\"},\"primaryImageOfPage\":{\"@id\":\"https:\\\/\\\/embreis.com\\\/se\\\/peva-nar-ditt-barn-fods-med-klumpfot\\\/#primaryimage\"},\"image\":{\"@id\":\"https:\\\/\\\/embreis.com\\\/se\\\/peva-nar-ditt-barn-fods-med-klumpfot\\\/#primaryimage\"},\"thumbnailUrl\":\"https:\\\/\\\/embreis.com\\\/se\\\/wp-content\\\/uploads\\\/sites\\\/6\\\/2026\\\/08\\\/Artikel_PEVA_huvudbild.png\",\"datePublished\":\"2026-08-01T12:41:14+00:00\",\"dateModified\":\"2026-09-01T13:36:22+00:00\",\"description\":\"Har ditt barn f\u00e5tt diagnosen PEVA, \u00e4ven kallad klumpfot? L\u00e4s om vad PEVA inneb\u00e4r, hur Ponseti-metoden fungerar och varf\u00f6r ortosbehandling \u00e4r viktig.\",\"breadcrumb\":{\"@id\":\"https:\\\/\\\/embreis.com\\\/se\\\/peva-nar-ditt-barn-fods-med-klumpfot\\\/#breadcrumb\"},\"inLanguage\":\"sv-SE\",\"potentialAction\":[{\"@type\":\"ReadAction\",\"target\":[\"https:\\\/\\\/embreis.com\\\/se\\\/peva-nar-ditt-barn-fods-med-klumpfot\\\/\"]}]},{\"@type\":\"ImageObject\",\"inLanguage\":\"sv-SE\",\"@id\":\"https:\\\/\\\/embreis.com\\\/se\\\/peva-nar-ditt-barn-fods-med-klumpfot\\\/#primaryimage\",\"url\":\"https:\\\/\\\/embreis.com\\\/se\\\/wp-content\\\/uploads\\\/sites\\\/6\\\/2026\\\/08\\\/Artikel_PEVA_huvudbild.png\",\"contentUrl\":\"https:\\\/\\\/embreis.com\\\/se\\\/wp-content\\\/uploads\\\/sites\\\/6\\\/2026\\\/08\\\/Artikel_PEVA_huvudbild.png\",\"width\":1000,\"height\":848},{\"@type\":\"BreadcrumbList\",\"@id\":\"https:\\\/\\\/embreis.com\\\/se\\\/peva-nar-ditt-barn-fods-med-klumpfot\\\/#breadcrumb\",\"itemListElement\":[{\"@type\":\"ListItem\",\"position\":1,\"name\":\"Hem\",\"item\":\"https:\\\/\\\/embreis.com\\\/se\\\/\"},{\"@type\":\"ListItem\",\"position\":2,\"name\":\"PEVA \u2013 n\u00e4r ditt barn f\u00f6ds med klumpfot\"}]},{\"@type\":\"WebSite\",\"@id\":\"https:\\\/\\\/embreis.com\\\/se\\\/#website\",\"url\":\"https:\\\/\\\/embreis.com\\\/se\\\/\",\"name\":\"Embreis SE\",\"description\":\"Ortoser, proteser och material\",\"publisher\":{\"@id\":\"https:\\\/\\\/embreis.com\\\/se\\\/#organization\"},\"potentialAction\":[{\"@type\":\"SearchAction\",\"target\":{\"@type\":\"EntryPoint\",\"urlTemplate\":\"https:\\\/\\\/embreis.com\\\/se\\\/?s={search_term_string}\"},\"query-input\":{\"@type\":\"PropertyValueSpecification\",\"valueRequired\":true,\"valueName\":\"search_term_string\"}}],\"inLanguage\":\"sv-SE\"},{\"@type\":\"Organization\",\"@id\":\"https:\\\/\\\/embreis.com\\\/se\\\/#organization\",\"name\":\"Embreis AB\",\"url\":\"https:\\\/\\\/embreis.com\\\/se\\\/\",\"logo\":{\"@type\":\"ImageObject\",\"inLanguage\":\"sv-SE\",\"@id\":\"https:\\\/\\\/embreis.com\\\/se\\\/#\\\/schema\\\/logo\\\/image\\\/\",\"url\":\"https:\\\/\\\/embreis.com\\\/se\\\/wp-content\\\/uploads\\\/sites\\\/6\\\/2019\\\/08\\\/Embreis_Logo2_PMS.png\",\"contentUrl\":\"https:\\\/\\\/embreis.com\\\/se\\\/wp-content\\\/uploads\\\/sites\\\/6\\\/2019\\\/08\\\/Embreis_Logo2_PMS.png\",\"width\":1723,\"height\":926,\"caption\":\"Embreis AB\"},\"image\":{\"@id\":\"https:\\\/\\\/embreis.com\\\/se\\\/#\\\/schema\\\/logo\\\/image\\\/\"},\"sameAs\":[\"https:\\\/\\\/www.facebook.com\\\/embreis\\\/\",\"https:\\\/\\\/www.linkedin.com\\\/company\\\/embreis-ab\\\/\",\"https:\\\/\\\/www.youtube.com\\\/user\\\/embreisAB\"]},{\"@type\":\"Person\",\"@id\":\"https:\\\/\\\/embreis.com\\\/se\\\/#\\\/schema\\\/person\\\/9f75f298897f79d8d960489fec1dddd5\",\"name\":\"johnnyragnarsson\",\"image\":{\"@type\":\"ImageObject\",\"inLanguage\":\"sv-SE\",\"@id\":\"https:\\\/\\\/secure.gravatar.com\\\/avatar\\\/1ec83aae8f01206dfada4bf4a749e6ee50613e3e29de80160b0821bc76930cfd?s=96&d=mm&r=g\",\"url\":\"https:\\\/\\\/secure.gravatar.com\\\/avatar\\\/1ec83aae8f01206dfada4bf4a749e6ee50613e3e29de80160b0821bc76930cfd?s=96&d=mm&r=g\",\"contentUrl\":\"https:\\\/\\\/secure.gravatar.com\\\/avatar\\\/1ec83aae8f01206dfada4bf4a749e6ee50613e3e29de80160b0821bc76930cfd?s=96&d=mm&r=g\",\"caption\":\"johnnyragnarsson\"},\"url\":\"https:\\\/\\\/embreis.com\\\/se\\\/author\\\/johnnyragnarsson\\\/\"}]}<\/script>\n<!-- \/ Yoast SEO Premium plugin. -->","yoast_head_json":{"title":"PEVA och klumpfot \u2013 behandling, ortos och vad du som f\u00f6r\u00e4lder beh\u00f6ver veta","description":"Har ditt barn f\u00e5tt diagnosen PEVA, \u00e4ven kallad klumpfot? L\u00e4s om vad PEVA inneb\u00e4r, hur Ponseti-metoden fungerar och varf\u00f6r ortosbehandling \u00e4r viktig.","robots":{"index":"index","follow":"follow","max-snippet":"max-snippet:-1","max-image-preview":"max-image-preview:large","max-video-preview":"max-video-preview:-1"},"canonical":"https:\/\/embreis.com\/se\/peva-nar-ditt-barn-fods-med-klumpfot\/","og_locale":"sv_SE","og_type":"article","og_title":"PEVA \u2013 n\u00e4r ditt barn f\u00f6ds med klumpfot","og_description":"Har ditt barn f\u00e5tt diagnosen PEVA, \u00e4ven kallad klumpfot? L\u00e4s om vad PEVA inneb\u00e4r, hur Ponseti-metoden fungerar och varf\u00f6r ortosbehandling \u00e4r viktig.","og_url":"https:\/\/embreis.com\/se\/peva-nar-ditt-barn-fods-med-klumpfot\/","og_site_name":"Embreis SE","article_publisher":"https:\/\/www.facebook.com\/embreis\/","article_published_time":"2026-08-01T12:41:14+00:00","article_modified_time":"2026-09-01T13:36:22+00:00","og_image":[{"width":1000,"height":848,"url":"https:\/\/embreis.com\/se\/wp-content\/uploads\/sites\/6\/2026\/08\/Artikel_PEVA_huvudbild.png","type":"image\/png"}],"author":"johnnyragnarsson","twitter_card":"summary_large_image","twitter_misc":{"Skriven av":"johnnyragnarsson","Ber\u00e4knad l\u00e4stid":"19 minuter"},"schema":{"@context":"https:\/\/schema.org","@graph":[{"@type":"Article","@id":"https:\/\/embreis.com\/se\/peva-nar-ditt-barn-fods-med-klumpfot\/#article","isPartOf":{"@id":"https:\/\/embreis.com\/se\/peva-nar-ditt-barn-fods-med-klumpfot\/"},"author":{"name":"johnnyragnarsson","@id":"https:\/\/embreis.com\/se\/#\/schema\/person\/9f75f298897f79d8d960489fec1dddd5"},"headline":"PEVA \u2013 n\u00e4r ditt barn f\u00f6ds med klumpfot","datePublished":"2026-08-01T12:41:14+00:00","dateModified":"2026-09-01T13:36:22+00:00","mainEntityOfPage":{"@id":"https:\/\/embreis.com\/se\/peva-nar-ditt-barn-fods-med-klumpfot\/"},"wordCount":7569,"commentCount":0,"publisher":{"@id":"https:\/\/embreis.com\/se\/#organization"},"image":{"@id":"https:\/\/embreis.com\/se\/peva-nar-ditt-barn-fods-med-klumpfot\/#primaryimage"},"thumbnailUrl":"https:\/\/embreis.com\/se\/wp-content\/uploads\/sites\/6\/2026\/08\/Artikel_PEVA_huvudbild.png","articleSection":["Nyheter"],"inLanguage":"sv-SE","potentialAction":[{"@type":"CommentAction","name":"Comment","target":["https:\/\/embreis.com\/se\/peva-nar-ditt-barn-fods-med-klumpfot\/#respond"]}]},{"@type":"WebPage","@id":"https:\/\/embreis.com\/se\/peva-nar-ditt-barn-fods-med-klumpfot\/","url":"https:\/\/embreis.com\/se\/peva-nar-ditt-barn-fods-med-klumpfot\/","name":"PEVA och klumpfot \u2013 behandling, ortos och vad du som f\u00f6r\u00e4lder beh\u00f6ver veta","isPartOf":{"@id":"https:\/\/embreis.com\/se\/#website"},"primaryImageOfPage":{"@id":"https:\/\/embreis.com\/se\/peva-nar-ditt-barn-fods-med-klumpfot\/#primaryimage"},"image":{"@id":"https:\/\/embreis.com\/se\/peva-nar-ditt-barn-fods-med-klumpfot\/#primaryimage"},"thumbnailUrl":"https:\/\/embreis.com\/se\/wp-content\/uploads\/sites\/6\/2026\/08\/Artikel_PEVA_huvudbild.png","datePublished":"2026-08-01T12:41:14+00:00","dateModified":"2026-09-01T13:36:22+00:00","description":"Har ditt barn f\u00e5tt diagnosen PEVA, \u00e4ven kallad klumpfot? L\u00e4s om vad PEVA inneb\u00e4r, hur Ponseti-metoden fungerar och varf\u00f6r ortosbehandling \u00e4r viktig.","breadcrumb":{"@id":"https:\/\/embreis.com\/se\/peva-nar-ditt-barn-fods-med-klumpfot\/#breadcrumb"},"inLanguage":"sv-SE","potentialAction":[{"@type":"ReadAction","target":["https:\/\/embreis.com\/se\/peva-nar-ditt-barn-fods-med-klumpfot\/"]}]},{"@type":"ImageObject","inLanguage":"sv-SE","@id":"https:\/\/embreis.com\/se\/peva-nar-ditt-barn-fods-med-klumpfot\/#primaryimage","url":"https:\/\/embreis.com\/se\/wp-content\/uploads\/sites\/6\/2026\/08\/Artikel_PEVA_huvudbild.png","contentUrl":"https:\/\/embreis.com\/se\/wp-content\/uploads\/sites\/6\/2026\/08\/Artikel_PEVA_huvudbild.png","width":1000,"height":848},{"@type":"BreadcrumbList","@id":"https:\/\/embreis.com\/se\/peva-nar-ditt-barn-fods-med-klumpfot\/#breadcrumb","itemListElement":[{"@type":"ListItem","position":1,"name":"Hem","item":"https:\/\/embreis.com\/se\/"},{"@type":"ListItem","position":2,"name":"PEVA \u2013 n\u00e4r ditt barn f\u00f6ds med klumpfot"}]},{"@type":"WebSite","@id":"https:\/\/embreis.com\/se\/#website","url":"https:\/\/embreis.com\/se\/","name":"Embreis SE","description":"Ortoser, proteser och material","publisher":{"@id":"https:\/\/embreis.com\/se\/#organization"},"potentialAction":[{"@type":"SearchAction","target":{"@type":"EntryPoint","urlTemplate":"https:\/\/embreis.com\/se\/?s={search_term_string}"},"query-input":{"@type":"PropertyValueSpecification","valueRequired":true,"valueName":"search_term_string"}}],"inLanguage":"sv-SE"},{"@type":"Organization","@id":"https:\/\/embreis.com\/se\/#organization","name":"Embreis AB","url":"https:\/\/embreis.com\/se\/","logo":{"@type":"ImageObject","inLanguage":"sv-SE","@id":"https:\/\/embreis.com\/se\/#\/schema\/logo\/image\/","url":"https:\/\/embreis.com\/se\/wp-content\/uploads\/sites\/6\/2019\/08\/Embreis_Logo2_PMS.png","contentUrl":"https:\/\/embreis.com\/se\/wp-content\/uploads\/sites\/6\/2019\/08\/Embreis_Logo2_PMS.png","width":1723,"height":926,"caption":"Embreis AB"},"image":{"@id":"https:\/\/embreis.com\/se\/#\/schema\/logo\/image\/"},"sameAs":["https:\/\/www.facebook.com\/embreis\/","https:\/\/www.linkedin.com\/company\/embreis-ab\/","https:\/\/www.youtube.com\/user\/embreisAB"]},{"@type":"Person","@id":"https:\/\/embreis.com\/se\/#\/schema\/person\/9f75f298897f79d8d960489fec1dddd5","name":"johnnyragnarsson","image":{"@type":"ImageObject","inLanguage":"sv-SE","@id":"https:\/\/secure.gravatar.com\/avatar\/1ec83aae8f01206dfada4bf4a749e6ee50613e3e29de80160b0821bc76930cfd?s=96&d=mm&r=g","url":"https:\/\/secure.gravatar.com\/avatar\/1ec83aae8f01206dfada4bf4a749e6ee50613e3e29de80160b0821bc76930cfd?s=96&d=mm&r=g","contentUrl":"https:\/\/secure.gravatar.com\/avatar\/1ec83aae8f01206dfada4bf4a749e6ee50613e3e29de80160b0821bc76930cfd?s=96&d=mm&r=g","caption":"johnnyragnarsson"},"url":"https:\/\/embreis.com\/se\/author\/johnnyragnarsson\/"}]}},"_links":{"self":[{"href":"https:\/\/embreis.com\/se\/wp-json\/wp\/v2\/posts\/14846","targetHints":{"allow":["GET"]}}],"collection":[{"href":"https:\/\/embreis.com\/se\/wp-json\/wp\/v2\/posts"}],"about":[{"href":"https:\/\/embreis.com\/se\/wp-json\/wp\/v2\/types\/post"}],"author":[{"embeddable":true,"href":"https:\/\/embreis.com\/se\/wp-json\/wp\/v2\/users\/16"}],"replies":[{"embeddable":true,"href":"https:\/\/embreis.com\/se\/wp-json\/wp\/v2\/comments?post=14846"}],"version-history":[{"count":0,"href":"https:\/\/embreis.com\/se\/wp-json\/wp\/v2\/posts\/14846\/revisions"}],"wp:featuredmedia":[{"embeddable":true,"href":"https:\/\/embreis.com\/se\/wp-json\/wp\/v2\/media\/14848"}],"wp:attachment":[{"href":"https:\/\/embreis.com\/se\/wp-json\/wp\/v2\/media?parent=14846"}],"wp:term":[{"taxonomy":"category","embeddable":true,"href":"https:\/\/embreis.com\/se\/wp-json\/wp\/v2\/categories?post=14846"},{"taxonomy":"post_tag","embeddable":true,"href":"https:\/\/embreis.com\/se\/wp-json\/wp\/v2\/tags?post=14846"}],"curies":[{"name":"wp","href":"https:\/\/api.w.org\/{rel}","templated":true}]}}