{"id":13720,"date":"2026-09-01T16:23:35","date_gmt":"2026-09-01T14:23:35","guid":{"rendered":"https:\/\/embreis.com\/no\/?p=13720"},"modified":"2026-09-01T19:18:33","modified_gmt":"2026-09-01T17:18:33","slug":"peva-nar-barnet-ditt-fodes-med-klumpfot","status":"publish","type":"post","link":"https:\/\/embreis.com\/no\/peva-nar-barnet-ditt-fodes-med-klumpfot\/","title":{"rendered":"PEVA \u2013 n\u00e5r barnet ditt f\u00f8des med klumpfot"},"content":{"rendered":"<p><div class=\"fusion-fullwidth fullwidth-box fusion-builder-row-1 fusion-flex-container nonhundred-percent-fullwidth non-hundred-percent-height-scrolling\" style=\"--awb-border-radius-top-left:0px;--awb-border-radius-top-right:0px;--awb-border-radius-bottom-right:0px;--awb-border-radius-bottom-left:0px;\" ><div class=\"fusion-builder-row fusion-row fusion-flex-align-items-flex-start\" style=\"max-width:1248px;margin-left: calc(-4% \/ 2 );margin-right: calc(-4% \/ 2 );\"><div class=\"fusion-layout-column fusion_builder_column fusion-builder-column-0 fusion_builder_column_1_1 1_1 fusion-flex-column\" style=\"--awb-bg-blend:overlay;--awb-bg-size:cover;--awb-width-large:100%;--awb-spacing-right-large:1.92%;--awb-spacing-left-large:1.92%;--awb-width-medium:100%;--awb-spacing-right-medium:1.92%;--awb-spacing-left-medium:1.92%;--awb-width-small:100%;--awb-spacing-right-small:1.92%;--awb-spacing-left-small:1.92%;\"><div class=\"fusion-column-wrapper fusion-flex-justify-content-flex-start fusion-content-layout-column\"><div class=\"fusion-text fusion-text-1\"><p><strong>\u00c5 f\u00e5 beskjed om at barnet ditt er f\u00f8dt med PEVA, ofte kalt klumpfot, kan vekke mange sp\u00f8rsm\u00e5l. Hva inneb\u00e6rer diagnosen? Vil barnet kunne g\u00e5 normalt? M\u00e5 barnet opereres? Hvor lenge varer behandlingen? Og hvorfor skal barnet bruke en ortose med skinne etter gipsbehandlingen?<\/strong><\/p>\n<p>Det er helt naturlig \u00e5 ha mange sp\u00f8rsm\u00e5l. Heldigvis er dagens behandlingsmetoder for PEVA sv\u00e6rt gode, og gir som regel sv\u00e6rt gode resultater. Med riktig behandling kan barn med PEVA i de aller fleste tilfeller vokse opp med f\u00f8tter som fungerer godt i hverdagen, og som gj\u00f8r det mulig \u00e5 g\u00e5, l\u00f8pe, leke og delta i fysisk aktivitet p\u00e5 lik linje med andre barn. I denne artikkelen ser vi n\u00e6rmere p\u00e5 hva PEVA er, hvordan behandlingen foreg\u00e5r, og hvorfor skoene, de s\u00e5kalte AFO-ortosene, og skinnene er en s\u00e5 viktig del av behandlingen.<\/p>\n<\/div><\/div><\/div><\/div><\/div><div class=\"fusion-fullwidth fullwidth-box fusion-builder-row-2 fusion-flex-container nonhundred-percent-fullwidth non-hundred-percent-height-scrolling\" style=\"--awb-border-radius-top-left:0px;--awb-border-radius-top-right:0px;--awb-border-radius-bottom-right:0px;--awb-border-radius-bottom-left:0px;\" ><div class=\"fusion-builder-row fusion-row fusion-flex-align-items-flex-start\" style=\"max-width:1248px;margin-left: calc(-4% \/ 2 );margin-right: calc(-4% \/ 2 );\"><div class=\"fusion-layout-column fusion_builder_column fusion-builder-column-1 fusion_builder_column_1_1 1_1 fusion-flex-column\" style=\"--awb-padding-top:40px;--awb-padding-right:40px;--awb-padding-bottom:40px;--awb-padding-left:40px;--awb-bg-color:#EE7402;--awb-bg-size:cover;--awb-width-large:100%;--awb-spacing-right-large:1.92%;--awb-spacing-left-large:1.92%;--awb-width-medium:100%;--awb-spacing-right-medium:1.92%;--awb-spacing-left-medium:1.92%;--awb-width-small:100%;--awb-spacing-right-small:1.92%;--awb-spacing-left-small:1.92%;\"><div class=\"fusion-column-wrapper fusion-flex-justify-content-flex-start fusion-content-layout-column\"><div class=\"fusion-title title fusion-title-1 fusion-sep-none fusion-title-text fusion-title-size-three\" style=\"--awb-text-color:#ffffff;--awb-margin-bottom:20px;\"><h3 class=\"title-heading-left\" style=\"margin:0;\"><strong>Har barnet ditt f\u00e5tt diagnosen PEVA?<\/strong><\/h3><\/div><div class=\"fusion-text fusion-text-2\"><p style=\"color: #ffffff\">I denne artikkelen f\u00e5r du vite:<\/p>\n<ul style=\"color: #ffffff;font-size: 18px;line-height: 1.9\">\n<li>hva PEVA er<\/li>\n<li>hvordan Ponseti-metoden fungerer<\/li>\n<li>hvorfor barnet trenger ortose etter gipsbehandlingen<\/li>\n<li>hvor lenge ortosen vanligvis brukes<\/li>\n<li>hva C-Pro og Mitchell Ponseti er<\/li>\n<\/ul>\n<\/div><\/div><\/div><\/div><\/div><div class=\"fusion-fullwidth fullwidth-box fusion-builder-row-3 fusion-flex-container nonhundred-percent-fullwidth non-hundred-percent-height-scrolling\" style=\"--awb-border-radius-top-left:0px;--awb-border-radius-top-right:0px;--awb-border-radius-bottom-right:0px;--awb-border-radius-bottom-left:0px;\" ><div class=\"fusion-builder-row fusion-row fusion-flex-align-items-flex-start\" style=\"max-width:1248px;margin-left: calc(-4% \/ 2 );margin-right: calc(-4% \/ 2 );\"><div class=\"fusion-layout-column fusion_builder_column fusion-builder-column-2 fusion_builder_column_1_1 1_1 fusion-flex-column\" style=\"--awb-bg-blend:overlay;--awb-bg-size:cover;--awb-width-large:100%;--awb-spacing-right-large:1.92%;--awb-spacing-left-large:1.92%;--awb-width-medium:100%;--awb-spacing-right-medium:1.92%;--awb-spacing-left-medium:1.92%;--awb-width-small:100%;--awb-spacing-right-small:1.92%;--awb-spacing-left-small:1.92%;\"><div class=\"fusion-column-wrapper fusion-flex-justify-content-flex-start fusion-content-layout-column\"><div class=\"fusion-separator fusion-full-width-sep\" style=\"align-self: center;margin-left: auto;margin-right: auto;margin-top:10px;margin-bottom:30px;width:100%;\"><div class=\"fusion-separator-border sep-single sep-solid\" style=\"border-color:#e0dede;border-top-width:1px;\"><\/div><\/div><\/div><\/div><\/div><\/div><div class=\"fusion-fullwidth fullwidth-box fusion-builder-row-4 fusion-flex-container nonhundred-percent-fullwidth non-hundred-percent-height-scrolling\" style=\"--awb-border-radius-top-left:0px;--awb-border-radius-top-right:0px;--awb-border-radius-bottom-right:0px;--awb-border-radius-bottom-left:0px;\" ><div class=\"fusion-builder-row fusion-row fusion-flex-align-items-flex-start\" style=\"max-width:1248px;margin-left: calc(-4% \/ 2 );margin-right: calc(-4% \/ 2 );\"><div class=\"fusion-layout-column fusion_builder_column fusion-builder-column-3 fusion_builder_column_1_1 1_1 fusion-flex-column\" style=\"--awb-bg-blend:overlay;--awb-bg-size:cover;--awb-width-large:100%;--awb-spacing-right-large:1.92%;--awb-spacing-left-large:1.92%;--awb-width-medium:100%;--awb-spacing-right-medium:1.92%;--awb-spacing-left-medium:1.92%;--awb-width-small:100%;--awb-spacing-right-small:1.92%;--awb-spacing-left-small:1.92%;\"><div class=\"fusion-column-wrapper fusion-flex-justify-content-flex-start fusion-content-layout-column\"><div class=\"fusion-title title fusion-title-2 fusion-sep-none fusion-title-text fusion-title-size-three\"><h3 class=\"title-heading-left\" style=\"margin:0;\"><strong>Hva er PEVA?<\/strong><\/h3><\/div><\/div><\/div><\/div><\/div><div class=\"fusion-fullwidth fullwidth-box fusion-builder-row-5 fusion-flex-container nonhundred-percent-fullwidth non-hundred-percent-height-scrolling\" style=\"--awb-border-radius-top-left:0px;--awb-border-radius-top-right:0px;--awb-border-radius-bottom-right:0px;--awb-border-radius-bottom-left:0px;\" ><div class=\"fusion-builder-row fusion-row fusion-flex-align-items-flex-start\" style=\"max-width:1248px;margin-left: calc(-4% \/ 2 );margin-right: calc(-4% \/ 2 );\"><div class=\"fusion-layout-column fusion_builder_column fusion-builder-column-4 fusion_builder_column_1_1 1_1 fusion-flex-column\" style=\"--awb-bg-blend:overlay;--awb-bg-size:cover;--awb-width-large:100%;--awb-spacing-right-large:1.92%;--awb-spacing-left-large:1.92%;--awb-width-medium:100%;--awb-spacing-right-medium:1.92%;--awb-spacing-left-medium:1.92%;--awb-width-small:100%;--awb-spacing-right-small:1.92%;--awb-spacing-left-small:1.92%;\"><div class=\"fusion-column-wrapper fusion-flex-justify-content-flex-start fusion-content-layout-column\"><div class=\"fusion-text fusion-text-3\"><p>PEVA st\u00e5r for pes equinovarus adductus og er en medf\u00f8dt feilstilling av foten. Tilstanden kalles ogs\u00e5 kongenital klumpfot eller bare klumpfot. PEVA kan forekomme i \u00e9n fot eller i begge f\u00f8ttene. Foten er da vanligvis vridd slik at:<\/p>\n<ul>\n<li>h\u00e6len peker innover<\/li>\n<li>forfoten er rettet innover<\/li>\n<li>foten st\u00e5r i spissfotstilling<\/li>\n<li>fotbuen er mer hvelvet enn normalt<\/li>\n<\/ul>\n<p>PEVA oppdages ofte allerede under svangerskapet eller rett etter f\u00f8dselen. Feilstillingen av foten skyldes ikke at du som forelder har gjort noe galt. Det er en medf\u00f8dt endring i utviklingen av foten og leggen, og forekommer hos omtrent 1\u20132 av 1000 barn. I Norge henvises barn med mistenkt PEVA til ortoped for vurdering og behandling.<\/p>\n<\/div><\/div><\/div><\/div><\/div><div class=\"fusion-fullwidth fullwidth-box fusion-builder-row-6 fusion-flex-container nonhundred-percent-fullwidth non-hundred-percent-height-scrolling\" style=\"--awb-border-radius-top-left:0px;--awb-border-radius-top-right:0px;--awb-border-radius-bottom-right:0px;--awb-border-radius-bottom-left:0px;\" ><div class=\"fusion-builder-row fusion-row fusion-flex-align-items-flex-start\" style=\"max-width:1248px;margin-left: calc(-4% \/ 2 );margin-right: calc(-4% \/ 2 );\"><div class=\"fusion-layout-column fusion_builder_column fusion-builder-column-5 fusion_builder_column_1_1 1_1 fusion-flex-column\" style=\"--awb-bg-blend:overlay;--awb-bg-size:cover;--awb-width-large:100%;--awb-spacing-right-large:1.92%;--awb-spacing-left-large:1.92%;--awb-width-medium:100%;--awb-spacing-right-medium:1.92%;--awb-spacing-left-medium:1.92%;--awb-width-small:100%;--awb-spacing-right-small:1.92%;--awb-spacing-left-small:1.92%;\"><div class=\"fusion-column-wrapper fusion-flex-justify-content-flex-start fusion-content-layout-column\"><div class=\"fusion-title title fusion-title-3 fusion-sep-none fusion-title-text fusion-title-size-three\"><h3 class=\"title-heading-left\" style=\"margin:0;\"><strong>Kan et barn med PEVA g\u00e5 normalt?<\/strong><\/h3><\/div><\/div><\/div><\/div><\/div><div class=\"fusion-fullwidth fullwidth-box fusion-builder-row-7 fusion-flex-container nonhundred-percent-fullwidth non-hundred-percent-height-scrolling\" style=\"--awb-border-radius-top-left:0px;--awb-border-radius-top-right:0px;--awb-border-radius-bottom-right:0px;--awb-border-radius-bottom-left:0px;\" ><div class=\"fusion-builder-row fusion-row fusion-flex-align-items-flex-start\" style=\"max-width:1248px;margin-left: calc(-4% \/ 2 );margin-right: calc(-4% \/ 2 );\"><div class=\"fusion-layout-column fusion_builder_column fusion-builder-column-6 fusion_builder_column_1_1 1_1 fusion-flex-column\" style=\"--awb-bg-blend:overlay;--awb-bg-size:cover;--awb-width-large:100%;--awb-spacing-right-large:1.92%;--awb-spacing-left-large:1.92%;--awb-width-medium:100%;--awb-spacing-right-medium:1.92%;--awb-spacing-left-medium:1.92%;--awb-width-small:100%;--awb-spacing-right-small:1.92%;--awb-spacing-left-small:1.92%;\"><div class=\"fusion-column-wrapper fusion-flex-justify-content-flex-start fusion-content-layout-column\"><div class=\"fusion-text fusion-text-4\"><p>Med moderne behandling etter Ponseti-metoden er prognosen for barn med idiopatisk PEVA sv\u00e6rt god. M\u00e5let med behandlingen er \u00e5 korrigere fotens feilstilling og deretter beholde den korrigerte posisjonen mens barnet vokser. Barn som er behandlet med gode resultater kan normalt delta i lek, idrett og andre fysiske aktiviteter og bruke vanlige sko. Men behandlingen tar tid, og den korrigerende ortosen spiller en sv\u00e6rt viktig rolle.<\/p>\n<\/div><\/div><\/div><\/div><\/div><div class=\"fusion-fullwidth fullwidth-box fusion-builder-row-8 fusion-flex-container nonhundred-percent-fullwidth non-hundred-percent-height-scrolling\" style=\"--awb-border-radius-top-left:0px;--awb-border-radius-top-right:0px;--awb-border-radius-bottom-right:0px;--awb-border-radius-bottom-left:0px;\" ><div class=\"fusion-builder-row fusion-row fusion-flex-align-items-flex-start\" style=\"max-width:1248px;margin-left: calc(-4% \/ 2 );margin-right: calc(-4% \/ 2 );\"><div class=\"fusion-layout-column fusion_builder_column fusion-builder-column-7 fusion_builder_column_1_1 1_1 fusion-flex-column\" style=\"--awb-bg-blend:overlay;--awb-bg-size:cover;--awb-width-large:100%;--awb-spacing-right-large:1.92%;--awb-spacing-left-large:1.92%;--awb-width-medium:100%;--awb-spacing-right-medium:1.92%;--awb-spacing-left-medium:1.92%;--awb-width-small:100%;--awb-spacing-right-small:1.92%;--awb-spacing-left-small:1.92%;\"><div class=\"fusion-column-wrapper fusion-flex-justify-content-flex-start fusion-content-layout-column\"><div class=\"fusion-title title fusion-title-4 fusion-sep-none fusion-title-text fusion-title-size-three\"><h3 class=\"title-heading-left\" style=\"margin:0;\"><strong>Hvordan behandles PEVA?<\/strong><\/h3><\/div><\/div><\/div><\/div><\/div><div class=\"fusion-fullwidth fullwidth-box fusion-builder-row-9 fusion-flex-container nonhundred-percent-fullwidth non-hundred-percent-height-scrolling\" style=\"--awb-border-radius-top-left:0px;--awb-border-radius-top-right:0px;--awb-border-radius-bottom-right:0px;--awb-border-radius-bottom-left:0px;\" ><div class=\"fusion-builder-row fusion-row fusion-flex-align-items-flex-start\" style=\"max-width:1248px;margin-left: calc(-4% \/ 2 );margin-right: calc(-4% \/ 2 );\"><div class=\"fusion-layout-column fusion_builder_column fusion-builder-column-8 fusion_builder_column_1_1 1_1 fusion-flex-column\" style=\"--awb-bg-blend:overlay;--awb-bg-size:cover;--awb-width-large:100%;--awb-spacing-right-large:1.92%;--awb-spacing-left-large:1.92%;--awb-width-medium:100%;--awb-spacing-right-medium:1.92%;--awb-spacing-left-medium:1.92%;--awb-width-small:100%;--awb-spacing-right-small:1.92%;--awb-spacing-left-small:1.92%;\"><div class=\"fusion-column-wrapper fusion-flex-justify-content-flex-start fusion-content-layout-column\"><div class=\"fusion-text fusion-text-5\"><p>I Norge brukes Ponseti-metoden i stor utstrekning, som en etablert behandlingsmetode for PEVA. Behandlingen best\u00e5r hovedsakelig av tre deler:<\/p>\n<ol>\n<li><strong>Redresjon og gipsing<\/strong><br \/>\nFoten korrigeres forsiktig steg for steg gjennom manipulasjon og gipsing. Gipsen skiftes vanligvis hver uke, og fotens posisjon forbedres gradvis. Ofte trengs omkring fem til syv gipsinger, selv om antallet kan variere.<\/li>\n<li><strong>Eventuell h\u00e6lsenetenotomi<\/strong><br \/>\nN\u00e5r de \u00f8vrige delene av foten er korrigert, kan h\u00e6lsenen fortsatt v\u00e6re for stram til at h\u00e6len kan komme ned i riktig posisjon. I slike tilfeller gj\u00f8res en s\u00e5kalt akillestenotomi, der h\u00e6lsenen deles for \u00e5 korrigere gjenv\u00e6rende spissfotstilling. Dette er en vanlig del av Ponseti-behandlingen og betyr ikke at behandlingen har mislyktes. Etter inngrepet f\u00e5r barnet ytterligere gips i en periode.<\/li>\n<li><strong>Ortosebehandling<\/strong><br \/>\nN\u00e5r foten er korrigert, begynner neste sv\u00e6rt viktige del av behandlingen: ortosebehandling. Barnet f\u00e5r en s\u00e5kalt fotabduksjonsortose, en sandallignende sko som er koblet til en skinne. Ortosens oppgave er \u00e5 opprettholde den korrigerte foten i riktig posisjon mens barnet vokser. Dette er viktig fordi PEVA kan komme tilbake, s\u00e5kalt residiv, hvis den korrigerte posisjonen ikke opprettholdes.<\/li>\n<\/ol>\n<\/div><\/div><\/div><\/div><\/div><div class=\"fusion-fullwidth fullwidth-box fusion-builder-row-10 fusion-flex-container nonhundred-percent-fullwidth non-hundred-percent-height-scrolling\" style=\"--awb-border-radius-top-left:0px;--awb-border-radius-top-right:0px;--awb-border-radius-bottom-right:0px;--awb-border-radius-bottom-left:0px;\" ><div class=\"fusion-builder-row fusion-row fusion-flex-align-items-flex-start\" style=\"max-width:1248px;margin-left: calc(-4% \/ 2 );margin-right: calc(-4% \/ 2 );\"><div class=\"fusion-layout-column fusion_builder_column fusion-builder-column-9 fusion_builder_column_1_1 1_1 fusion-flex-column\" style=\"--awb-bg-blend:overlay;--awb-bg-size:cover;--awb-width-large:100%;--awb-spacing-right-large:1.92%;--awb-spacing-left-large:1.92%;--awb-width-medium:100%;--awb-spacing-right-medium:1.92%;--awb-spacing-left-medium:1.92%;--awb-width-small:100%;--awb-spacing-right-small:1.92%;--awb-spacing-left-small:1.92%;\"><div class=\"fusion-column-wrapper fusion-flex-justify-content-flex-start fusion-content-layout-column\"><div class=\"fusion-title title fusion-title-5 fusion-sep-none fusion-title-text fusion-title-size-three\"><h3 class=\"title-heading-left\" style=\"margin:0;\"><strong>Hvorfor trenger barnet ortose s\u00e5 lenge?<\/strong><\/h3><\/div><\/div><\/div><\/div><\/div><div class=\"fusion-fullwidth fullwidth-box fusion-builder-row-11 fusion-flex-container nonhundred-percent-fullwidth non-hundred-percent-height-scrolling\" style=\"--awb-border-radius-top-left:0px;--awb-border-radius-top-right:0px;--awb-border-radius-bottom-right:0px;--awb-border-radius-bottom-left:0px;\" ><div class=\"fusion-builder-row fusion-row fusion-flex-align-items-flex-start\" style=\"max-width:1248px;margin-left: calc(-4% \/ 2 );margin-right: calc(-4% \/ 2 );\"><div class=\"fusion-layout-column fusion_builder_column fusion-builder-column-10 fusion_builder_column_1_1 1_1 fusion-flex-column\" style=\"--awb-bg-blend:overlay;--awb-bg-size:cover;--awb-width-large:100%;--awb-spacing-right-large:1.92%;--awb-spacing-left-large:1.92%;--awb-width-medium:100%;--awb-spacing-right-medium:1.92%;--awb-spacing-left-medium:1.92%;--awb-width-small:100%;--awb-spacing-right-small:1.92%;--awb-spacing-left-small:1.92%;\"><div class=\"fusion-column-wrapper fusion-flex-justify-content-flex-start fusion-content-layout-column\"><div class=\"fusion-text fusion-text-6\"><p>Dette er kanskje den delen av behandlingen som kan v\u00e6re vanskeligst for foreldre \u00e5 forst\u00e5. N\u00e5r foten er korrigert, er behandlingen alts\u00e5 ikke helt ferdig. Barnets fot trenger fortsatt st\u00f8tte for \u00e5 beholde den korrigerte posisjonen under veksten. Derfor brukes sko med skinne over en lengre periode, ofte fram til omkring fire \u00e5rs alder. I begynnelsen brukes ortosen store deler av d\u00f8gnet. Deretter g\u00e5r behandlingen over til f\u00f8rst og fremst bruk om natten, ved s\u00f8vn og hvile. Den eksakte planen bestemmes av barnets behandlende ortoped og kan tilpasses barnets alder, behandling og individuelle behov. Ortosen er alts\u00e5 ikke bare et hjelpemiddel for \u00f8yeblikket. Den er en viktig del av behandlingen som bidrar til \u00e5 redusere risikoen for at feilstillingen kommer tilbake.<\/p>\n<\/div><\/div><\/div><\/div><\/div><div class=\"fusion-fullwidth fullwidth-box fusion-builder-row-12 fusion-flex-container nonhundred-percent-fullwidth non-hundred-percent-height-scrolling\" style=\"--awb-border-radius-top-left:0px;--awb-border-radius-top-right:0px;--awb-border-radius-bottom-right:0px;--awb-border-radius-bottom-left:0px;\" ><div class=\"fusion-builder-row fusion-row fusion-flex-align-items-flex-start\" style=\"max-width:1248px;margin-left: calc(-4% \/ 2 );margin-right: calc(-4% \/ 2 );\"><div class=\"fusion-layout-column fusion_builder_column fusion-builder-column-11 fusion_builder_column_1_1 1_1 fusion-flex-column\" style=\"--awb-bg-blend:overlay;--awb-bg-size:cover;--awb-width-large:100%;--awb-spacing-right-large:1.92%;--awb-spacing-left-large:1.92%;--awb-width-medium:100%;--awb-spacing-right-medium:1.92%;--awb-spacing-left-medium:1.92%;--awb-width-small:100%;--awb-spacing-right-small:1.92%;--awb-spacing-left-small:1.92%;\"><div class=\"fusion-column-wrapper fusion-flex-justify-content-flex-start fusion-content-layout-column\"><div class=\"fusion-title title fusion-title-6 fusion-sep-none fusion-title-text fusion-title-size-three\"><h3 class=\"title-heading-left\" style=\"margin:0;\"><strong>Ortosen \u2013 en viktig del av hverdagen<\/strong><\/h3><\/div><\/div><\/div><\/div><\/div><div class=\"fusion-fullwidth fullwidth-box fusion-builder-row-13 fusion-flex-container nonhundred-percent-fullwidth non-hundred-percent-height-scrolling\" style=\"--awb-border-radius-top-left:0px;--awb-border-radius-top-right:0px;--awb-border-radius-bottom-right:0px;--awb-border-radius-bottom-left:0px;\" ><div class=\"fusion-builder-row fusion-row fusion-flex-align-items-flex-start\" style=\"max-width:1248px;margin-left: calc(-4% \/ 2 );margin-right: calc(-4% \/ 2 );\"><div class=\"fusion-layout-column fusion_builder_column fusion-builder-column-12 fusion_builder_column_1_1 1_1 fusion-flex-column\" style=\"--awb-bg-blend:overlay;--awb-bg-size:cover;--awb-width-large:100%;--awb-spacing-right-large:1.92%;--awb-spacing-left-large:1.92%;--awb-width-medium:100%;--awb-spacing-right-medium:1.92%;--awb-spacing-left-medium:1.92%;--awb-width-small:100%;--awb-spacing-right-small:1.92%;--awb-spacing-left-small:1.92%;\"><div class=\"fusion-column-wrapper fusion-flex-justify-content-flex-start fusion-content-layout-column\"><div class=\"fusion-text fusion-text-7\"><p>For mange familier blir skoene og skinnen en naturlig del av barnets hverdag. Men det betyr ikke at hverdagen blir enkel. For \u00e5 gi best resultat m\u00e5 barnet sove med ortosene p\u00e5. F\u00f8ttene skal holdes i riktig posisjon samtidig som barnet m\u00e5 kunne sove og bevege seg s\u00e5 komfortabelt som mulig. Det er derfor viktig at ortosen er riktig tilpasset, og at foreldrene f\u00e5r tydelige instruksjoner fra helsepersonell om hvordan skoene skal tas p\u00e5.<\/p>\n<p>Forskningen viser ogs\u00e5 at det finnes utfordringer knyttet til bruken av fotabduksjonsortoser. Vanskeligheter med \u00e5 tolerere ortosen og \u00e5 bruke den i tr\u00e5d med anbefalingene kan p\u00e5virke behandlingsresultatet og risikoen for residiv. God informasjon, riktig tilpasning og st\u00f8tte fra helseteamet er derfor viktige deler av en vellykket ortosebehandling.<\/p>\n<\/div><\/div><\/div><\/div><\/div><div class=\"fusion-fullwidth fullwidth-box fusion-builder-row-14 fusion-flex-container nonhundred-percent-fullwidth non-hundred-percent-height-scrolling\" style=\"--awb-border-radius-top-left:0px;--awb-border-radius-top-right:0px;--awb-border-radius-bottom-right:0px;--awb-border-radius-bottom-left:0px;\" ><div class=\"fusion-builder-row fusion-row fusion-flex-align-items-flex-start\" style=\"max-width:1248px;margin-left: calc(-4% \/ 2 );margin-right: calc(-4% \/ 2 );\"><div class=\"fusion-layout-column fusion_builder_column fusion-builder-column-13 fusion_builder_column_1_1 1_1 fusion-flex-column\" style=\"--awb-bg-blend:overlay;--awb-bg-size:cover;--awb-width-large:100%;--awb-spacing-right-large:1.92%;--awb-spacing-left-large:1.92%;--awb-width-medium:100%;--awb-spacing-right-medium:1.92%;--awb-spacing-left-medium:1.92%;--awb-width-small:100%;--awb-spacing-right-small:1.92%;--awb-spacing-left-small:1.92%;\"><div class=\"fusion-column-wrapper fusion-flex-justify-content-flex-start fusion-content-layout-column\"><div class=\"fusion-title title fusion-title-7 fusion-sep-none fusion-title-text fusion-title-size-three\"><h3 class=\"title-heading-left\" style=\"margin:0;\"><strong>Det finnes ulike ortoser for behandling av PEVA<\/strong><\/h3><\/div><\/div><\/div><\/div><\/div><div class=\"fusion-fullwidth fullwidth-box fusion-builder-row-15 fusion-flex-container nonhundred-percent-fullwidth non-hundred-percent-height-scrolling\" style=\"--awb-border-radius-top-left:0px;--awb-border-radius-top-right:0px;--awb-border-radius-bottom-right:0px;--awb-border-radius-bottom-left:0px;\" ><div class=\"fusion-builder-row fusion-row fusion-flex-align-items-flex-start\" style=\"max-width:1248px;margin-left: calc(-4% \/ 2 );margin-right: calc(-4% \/ 2 );\"><div class=\"fusion-layout-column fusion_builder_column fusion-builder-column-14 fusion_builder_column_1_1 1_1 fusion-flex-column\" style=\"--awb-bg-blend:overlay;--awb-bg-size:cover;--awb-width-large:100%;--awb-spacing-right-large:1.92%;--awb-spacing-left-large:1.92%;--awb-width-medium:100%;--awb-spacing-right-medium:1.92%;--awb-spacing-left-medium:1.92%;--awb-width-small:100%;--awb-spacing-right-small:1.92%;--awb-spacing-left-small:1.92%;\"><div class=\"fusion-column-wrapper fusion-flex-justify-content-flex-start fusion-content-layout-column\"><div class=\"fusion-text fusion-text-8\"><p>Den klassiske fotabduksjonsortosen best\u00e5r av rigide sandallignende sko som er koblet sammen med en skinne. I dag finnes flere ulike l\u00f8sninger. Felles for dem er at de skal bidra til \u00e5 holde den korrigerte foten i den posisjonen behandlingen krever. Hvilken ortose som passer best kan blant annet avhenge av:<\/p>\n<ul>\n<li>om barnet har PEVA i \u00e9n eller begge f\u00f8tter<\/li>\n<li>barnets alder<\/li>\n<li>fotens st\u00f8rrelse<\/li>\n<li>hvordan korrigeringen ser ut<\/li>\n<li>hvordan barnet tolererer ortosen<\/li>\n<li>hvilken behandling og oppf\u00f8lging som brukes av behandleren<\/li>\n<\/ul>\n<p>I en svensk studie av barn med PEVA hadde 35 % av barna med isolert PEVA byttet ortosetype f\u00f8r fire \u00e5rs alder. Det viser at ortosebehandlingen kan trenge tilpasning gjennom barnets oppvekst.<\/p>\n<\/div><\/div><\/div><\/div><\/div><div class=\"fusion-fullwidth fullwidth-box fusion-builder-row-16 fusion-flex-container nonhundred-percent-fullwidth non-hundred-percent-height-scrolling\" style=\"--awb-border-radius-top-left:0px;--awb-border-radius-top-right:0px;--awb-border-radius-bottom-right:0px;--awb-border-radius-bottom-left:0px;\" ><div class=\"fusion-builder-row fusion-row fusion-flex-align-items-flex-start\" style=\"max-width:1248px;margin-left: calc(-4% \/ 2 );margin-right: calc(-4% \/ 2 );\"><div class=\"fusion-layout-column fusion_builder_column fusion-builder-column-15 fusion_builder_column_1_1 1_1 fusion-flex-column\" style=\"--awb-bg-blend:overlay;--awb-bg-size:cover;--awb-width-large:100%;--awb-spacing-right-large:1.92%;--awb-spacing-left-large:1.92%;--awb-width-medium:100%;--awb-spacing-right-medium:1.92%;--awb-spacing-left-medium:1.92%;--awb-width-small:100%;--awb-spacing-right-small:1.92%;--awb-spacing-left-small:1.92%;\"><div class=\"fusion-column-wrapper fusion-flex-justify-content-flex-start fusion-content-layout-column\"><div class=\"fusion-title title fusion-title-8 fusion-sep-none fusion-title-text fusion-title-size-three\"><h3 class=\"title-heading-left\" style=\"margin:0;\"><strong>Mitchell Ponseti og C-pro \u2013 markedsledende produktsortiment ved PEVA<\/strong><\/h3><\/div><\/div><\/div><\/div><\/div><div class=\"fusion-fullwidth fullwidth-box fusion-builder-row-17 fusion-flex-container nonhundred-percent-fullwidth non-hundred-percent-height-scrolling\" style=\"--awb-border-radius-top-left:0px;--awb-border-radius-top-right:0px;--awb-border-radius-bottom-right:0px;--awb-border-radius-bottom-left:0px;\" ><div class=\"fusion-builder-row fusion-row fusion-flex-align-items-flex-start\" style=\"max-width:1248px;margin-left: calc(-4% \/ 2 );margin-right: calc(-4% \/ 2 );\"><div class=\"fusion-layout-column fusion_builder_column fusion-builder-column-16 fusion_builder_column_2_3 2_3 fusion-flex-column\" style=\"--awb-bg-blend:overlay;--awb-bg-size:cover;--awb-width-large:66.666666666667%;--awb-spacing-right-large:2.88%;--awb-spacing-left-large:2.88%;--awb-width-medium:100%;--awb-spacing-right-medium:1.92%;--awb-spacing-left-medium:1.92%;--awb-width-small:100%;--awb-spacing-right-small:1.92%;--awb-spacing-left-small:1.92%;\"><div class=\"fusion-column-wrapper fusion-flex-justify-content-flex-start fusion-content-layout-column\"><div class=\"fusion-text fusion-text-9\"><p>Mitchell Ponseti-sortimentet er utviklet i samarbeid mellom kirurgen DR. IGNACIO VIVES PONSETI, som utformet Ponseti-metoden, det ledende behandlingskonseptet ved PEVA, og John Mitchell. En sentral del av sortimentet er Ponseti\u00ae AFO, en spesialutviklet fotortose som brukes sammen med Ponseti\u2019s skinne, den s\u00e5kalte Abduction Bar. Ortosen holder foten i den posisjonen som kreves etter korrigeringen, mens skinnen holder f\u00f8ttene i riktig abduksjon. Sortimentet omfatter ogs\u00e5 ulike modeller, st\u00f8rrelser og tilbeh\u00f8r som gj\u00f8r det mulig \u00e5 tilpasse l\u00f8sningen etter barnets individuelle behov og behandlingsfase.<\/p>\n<p>C-Pro er et sortiment av ortoser og tilbeh\u00f8r som er spesielt utviklet for barn med PEVA og andre pediatriske fotproblemer. C-Pro har arbeidet med behandling av klumpfot i over 20 \u00e5r og har utviklet et omfattende sortiment av ortoser for ulike behandlingssituasjoner. En sentral del av sortimentet er C-Pro ADM, et modul\u00e6rt system som kombinerer ortose og skinne og kan konfigureres etter barnets individuelle behov. ADM st\u00e5r for Abduction Dorsiflexion Mechanism og er utviklet for \u00e5 holde den korrigerte foten i abduksjon og dorsalfleksjon etter korrigering av klumpfoten.<\/p>\n<\/div><\/div><\/div><div class=\"fusion-layout-column fusion_builder_column fusion-builder-column-17 fusion_builder_column_1_3 1_3 fusion-flex-column\" style=\"--awb-bg-blend:overlay;--awb-bg-size:cover;--awb-width-large:33.333333333333%;--awb-spacing-right-large:5.76%;--awb-spacing-left-large:5.76%;--awb-width-medium:100%;--awb-spacing-right-medium:1.92%;--awb-spacing-left-medium:1.92%;--awb-width-small:100%;--awb-spacing-right-small:1.92%;--awb-spacing-left-small:1.92%;\"><div class=\"fusion-column-wrapper fusion-flex-justify-content-flex-start fusion-content-layout-column\"><div class=\"fusion-image-element \"><span class=\" fusion-imageframe imageframe-none imageframe-1 hover-type-none\"><img decoding=\"async\" width=\"300\" height=\"226\" title=\"Ponseti_artikel_PEVA\" src=\"data:image\/svg+xml,%3Csvg%20xmlns%3D%27http%3A%2F%2Fwww.w3.org%2F2000%2Fsvg%27%20width%3D%27800%27%20height%3D%27602%27%20viewBox%3D%270%200%20800%20602%27%3E%3Crect%20width%3D%27800%27%20height%3D%27602%27%20fill-opacity%3D%220%22%2F%3E%3C%2Fsvg%3E\" data-orig-src=\"https:\/\/embreis.com\/se\/wp-content\/uploads\/sites\/6\/2026\/08\/Ponseti_artikel_PEVA-300x226.png\" alt class=\"lazyload img-responsive wp-image-13718\"\/><\/span><\/div><\/div><\/div><\/div><\/div><div class=\"fusion-fullwidth fullwidth-box fusion-builder-row-18 fusion-flex-container nonhundred-percent-fullwidth non-hundred-percent-height-scrolling\" style=\"--awb-border-radius-top-left:0px;--awb-border-radius-top-right:0px;--awb-border-radius-bottom-right:0px;--awb-border-radius-bottom-left:0px;\" ><div class=\"fusion-builder-row fusion-row fusion-flex-align-items-flex-start\" style=\"max-width:1248px;margin-left: calc(-4% \/ 2 );margin-right: calc(-4% \/ 2 );\"><div class=\"fusion-layout-column fusion_builder_column fusion-builder-column-18 fusion_builder_column_1_1 1_1 fusion-flex-column\" style=\"--awb-bg-blend:overlay;--awb-bg-size:cover;--awb-width-large:100%;--awb-spacing-right-large:1.92%;--awb-spacing-left-large:1.92%;--awb-width-medium:100%;--awb-spacing-right-medium:1.92%;--awb-spacing-left-medium:1.92%;--awb-width-small:100%;--awb-spacing-right-small:1.92%;--awb-spacing-left-small:1.92%;\"><div class=\"fusion-column-wrapper fusion-flex-justify-content-flex-start fusion-content-layout-column\"><div class=\"fusion-title title fusion-title-9 fusion-sep-none fusion-title-text fusion-title-size-three\"><h3 class=\"title-heading-left\" style=\"margin:0;\"><strong>Nyhet: C-Pro, det fleksible ortosesystemet<\/strong><\/h3><\/div><\/div><\/div><\/div><\/div><div class=\"fusion-fullwidth fullwidth-box fusion-builder-row-19 fusion-flex-container nonhundred-percent-fullwidth non-hundred-percent-height-scrolling\" style=\"--awb-border-radius-top-left:0px;--awb-border-radius-top-right:0px;--awb-border-radius-bottom-right:0px;--awb-border-radius-bottom-left:0px;\" ><div class=\"fusion-builder-row fusion-row fusion-flex-align-items-flex-start\" style=\"max-width:1248px;margin-left: calc(-4% \/ 2 );margin-right: calc(-4% \/ 2 );\"><div class=\"fusion-layout-column fusion_builder_column fusion-builder-column-19 fusion_builder_column_1_3 1_3 fusion-flex-column\" style=\"--awb-bg-blend:overlay;--awb-bg-size:cover;--awb-width-large:33.333333333333%;--awb-spacing-right-large:5.76%;--awb-spacing-left-large:5.76%;--awb-width-medium:100%;--awb-spacing-right-medium:1.92%;--awb-spacing-left-medium:1.92%;--awb-width-small:100%;--awb-spacing-right-small:1.92%;--awb-spacing-left-small:1.92%;\"><div class=\"fusion-column-wrapper fusion-flex-justify-content-flex-start fusion-content-layout-column\"><div class=\"fusion-image-element \"><span class=\" fusion-imageframe imageframe-none imageframe-2 hover-type-none\"><img decoding=\"async\" width=\"300\" height=\"300\" title=\"C-Pro_AFO-skena_4\" src=\"data:image\/svg+xml,%3Csvg%20xmlns%3D%27http%3A%2F%2Fwww.w3.org%2F2000%2Fsvg%27%20width%3D%27800%27%20height%3D%27800%27%20viewBox%3D%270%200%20800%20800%27%3E%3Crect%20width%3D%27800%27%20height%3D%27800%27%20fill-opacity%3D%220%22%2F%3E%3C%2Fsvg%3E\" data-orig-src=\"https:\/\/embreis.com\/se\/wp-content\/uploads\/sites\/6\/2026\/08\/C-Pro_AFO-skena_4-300x300.png\" alt class=\"lazyload img-responsive wp-image-13719\"\/><\/span><\/div><\/div><\/div><div class=\"fusion-layout-column fusion_builder_column fusion-builder-column-20 fusion_builder_column_2_3 2_3 fusion-flex-column\" style=\"--awb-bg-blend:overlay;--awb-bg-size:cover;--awb-width-large:66.666666666667%;--awb-spacing-right-large:2.88%;--awb-spacing-left-large:2.88%;--awb-width-medium:100%;--awb-spacing-right-medium:1.92%;--awb-spacing-left-medium:1.92%;--awb-width-small:100%;--awb-spacing-right-small:1.92%;--awb-spacing-left-small:1.92%;\"><div class=\"fusion-column-wrapper fusion-flex-justify-content-flex-start fusion-content-layout-column\"><div class=\"fusion-text fusion-text-10\"><p>C-Pro-systemet er modul\u00e6rt, noe som betyr at ulike komponenter kan kombineres avhengig av barnets situasjon. Systemet omfatter blant annet:<\/p>\n<ul>\n<li>ADM-ortoser<\/li>\n<li>skinner med ulike funksjoner<\/li>\n<li>nattortoser<\/li>\n<li>l\u00f8sninger for unilateral og bilateral PEVA<\/li>\n<li>tilbeh\u00f8r som gj\u00f8r bruken enklere<\/li>\n<li>produkter for ulike behandlings- og vekstfaser<\/li>\n<\/ul>\n<p>C-Pro tilbyr ogs\u00e5 ulike fj\u00e6rkonfigurasjoner i ADM-systemet, noe som gj\u00f8r det mulig for behandleren \u00e5 tilpasse systemet etter barnets behov. Foreldrene trenger alts\u00e5 ikke selv avgj\u00f8re hvilken kombinasjon som er riktig. Det er behandleren som vurderer, pr\u00f8ver ut og tilpasser ortosen til barnet.<\/p>\n<\/div><\/div><\/div><\/div><\/div><div class=\"fusion-fullwidth fullwidth-box fusion-builder-row-20 fusion-flex-container nonhundred-percent-fullwidth non-hundred-percent-height-scrolling\" style=\"--awb-border-radius-top-left:0px;--awb-border-radius-top-right:0px;--awb-border-radius-bottom-right:0px;--awb-border-radius-bottom-left:0px;\" ><div class=\"fusion-builder-row fusion-row fusion-flex-align-items-flex-start\" style=\"max-width:1248px;margin-left: calc(-4% \/ 2 );margin-right: calc(-4% \/ 2 );\"><div class=\"fusion-layout-column fusion_builder_column fusion-builder-column-21 fusion_builder_column_1_1 1_1 fusion-flex-column\" style=\"--awb-bg-blend:overlay;--awb-bg-size:cover;--awb-width-large:100%;--awb-spacing-right-large:1.92%;--awb-spacing-left-large:1.92%;--awb-width-medium:100%;--awb-spacing-right-medium:1.92%;--awb-spacing-left-medium:1.92%;--awb-width-small:100%;--awb-spacing-right-small:1.92%;--awb-spacing-left-small:1.92%;\"><div class=\"fusion-column-wrapper fusion-flex-justify-content-flex-start fusion-content-layout-column\"><div class=\"fusion-title title fusion-title-10 fusion-sep-none fusion-title-text fusion-title-size-three\"><h3 class=\"title-heading-left\" style=\"margin:0;\"><strong>C-Pro eller Ponseti \u2013 hva er forskjellen?<\/strong><\/h3><\/div><\/div><\/div><\/div><\/div><div class=\"fusion-fullwidth fullwidth-box fusion-builder-row-21 fusion-flex-container nonhundred-percent-fullwidth non-hundred-percent-height-scrolling\" style=\"--awb-border-radius-top-left:0px;--awb-border-radius-top-right:0px;--awb-border-radius-bottom-right:0px;--awb-border-radius-bottom-left:0px;\" ><div class=\"fusion-builder-row fusion-row fusion-flex-align-items-flex-start\" style=\"max-width:1248px;margin-left: calc(-4% \/ 2 );margin-right: calc(-4% \/ 2 );\"><div class=\"fusion-layout-column fusion_builder_column fusion-builder-column-22 fusion_builder_column_1_1 1_1 fusion-flex-column\" style=\"--awb-bg-blend:overlay;--awb-bg-size:cover;--awb-width-large:100%;--awb-spacing-right-large:1.92%;--awb-spacing-left-large:1.92%;--awb-width-medium:100%;--awb-spacing-right-medium:1.92%;--awb-spacing-left-medium:1.92%;--awb-width-small:100%;--awb-spacing-right-small:1.92%;--awb-spacing-left-small:1.92%;\"><div class=\"fusion-column-wrapper fusion-flex-justify-content-flex-start fusion-content-layout-column\"><div class=\"fusion-text fusion-text-11\"><p>Det er viktig \u00e5 skille mellom Ponseti-metoden og de ortosene som brukes etter at foten er korrigert. Ponseti-metoden er en etablert behandlingsmetode for PEVA og inneb\u00e6rer at foten gradvis korrigeres gjennom manipulasjon og gipsing, med eventuell h\u00e6lsenetenotomi n\u00e5r det er n\u00f8dvendig. N\u00e5r foten er korrigert, begynner den viktige ortosefasen. Da brukes en fotabduksjonsortose for \u00e5 bidra til \u00e5 opprettholde fotens korrigerte posisjon og redusere risikoen for at feilstillingen kommer tilbake.<\/p>\n<p>Det finnes ulike ortosel\u00f8sninger for denne delen av behandlingen. B\u00e5de C-Pro og Ponseti tilbyr sortiment av sko, ortoser og skinner som kan brukes etter korrigeringen. Hvilken l\u00f8sning som er egnet, avhenger blant annet av barnets individuelle behov, behandlingsfase og behandlerens vurdering. Med andre ord: Ponseti-metoden korrigerer foten, mens ortoser fra C-Pro eller Ponseti bidrar til \u00e5 beholde korrigeringen. Det er barnets behandlende helseteam som vurderer hvilken ortosel\u00f8sning som passer best.<\/p>\n<\/div><\/div><\/div><\/div><\/div><div class=\"fusion-fullwidth fullwidth-box fusion-builder-row-22 fusion-flex-container nonhundred-percent-fullwidth non-hundred-percent-height-scrolling\" style=\"--awb-border-radius-top-left:0px;--awb-border-radius-top-right:0px;--awb-border-radius-bottom-right:0px;--awb-border-radius-bottom-left:0px;\" ><div class=\"fusion-builder-row fusion-row fusion-flex-align-items-flex-start\" style=\"max-width:1248px;margin-left: calc(-4% \/ 2 );margin-right: calc(-4% \/ 2 );\"><div class=\"fusion-layout-column fusion_builder_column fusion-builder-column-23 fusion_builder_column_1_1 1_1 fusion-flex-column\" style=\"--awb-bg-blend:overlay;--awb-bg-size:cover;--awb-width-large:100%;--awb-spacing-right-large:1.92%;--awb-spacing-left-large:1.92%;--awb-width-medium:100%;--awb-spacing-right-medium:1.92%;--awb-spacing-left-medium:1.92%;--awb-width-small:100%;--awb-spacing-right-small:1.92%;--awb-spacing-left-small:1.92%;\"><div class=\"fusion-column-wrapper fusion-flex-justify-content-flex-start fusion-content-layout-column\"><div class=\"fusion-title title fusion-title-11 fusion-sep-none fusion-title-text fusion-title-size-three\"><h3 class=\"title-heading-left\" style=\"margin:0;\"><strong>Hvordan f\u00e5r barnet mitt en C-Pro- eller Ponseti-ortose?<\/strong><\/h3><\/div><\/div><\/div><\/div><\/div><div class=\"fusion-fullwidth fullwidth-box fusion-builder-row-23 fusion-flex-container nonhundred-percent-fullwidth non-hundred-percent-height-scrolling\" style=\"--awb-border-radius-top-left:0px;--awb-border-radius-top-right:0px;--awb-border-radius-bottom-right:0px;--awb-border-radius-bottom-left:0px;\" ><div class=\"fusion-builder-row fusion-row fusion-flex-align-items-flex-start\" style=\"max-width:1248px;margin-left: calc(-4% \/ 2 );margin-right: calc(-4% \/ 2 );\"><div class=\"fusion-layout-column fusion_builder_column fusion-builder-column-24 fusion_builder_column_1_1 1_1 fusion-flex-column\" style=\"--awb-bg-blend:overlay;--awb-bg-size:cover;--awb-width-large:100%;--awb-spacing-right-large:1.92%;--awb-spacing-left-large:1.92%;--awb-width-medium:100%;--awb-spacing-right-medium:1.92%;--awb-spacing-left-medium:1.92%;--awb-width-small:100%;--awb-spacing-right-small:1.92%;--awb-spacing-left-small:1.92%;\"><div class=\"fusion-column-wrapper fusion-flex-justify-content-flex-start fusion-content-layout-column\"><div class=\"fusion-text fusion-text-12\"><p>Hvis barnet ditt har f\u00e5tt diagnosen PEVA, er det barnets behandlende ortoped og ortopediteknisk team som har ansvaret for behandlingen og vurderer hvilken ortose som er egnet. Hvis behandleren vurderer at en Ponseti- eller C-Pro-l\u00f8sning passer for barnet ditt, kan ortosen pr\u00f8ves ut og tilpasses barnets behov. Som forelder trenger du alts\u00e5 normalt ikke selv kj\u00f8pe eller velge riktig ortose. Hvis du har f\u00e5tt informasjon om Ponseti eller C-Pro fra helsepersonell og vil vite mer, kan du ogs\u00e5 kontakte Embreis.<\/p>\n<p><em>Vi kan hjelpe deg med informasjon om produktene og veilede deg til riktig kontakt innen helsevesenet.<\/em><\/p>\n<\/div><\/div><\/div><\/div><\/div><div class=\"fusion-fullwidth fullwidth-box fusion-builder-row-24 fusion-flex-container nonhundred-percent-fullwidth non-hundred-percent-height-scrolling\" style=\"--awb-border-radius-top-left:0px;--awb-border-radius-top-right:0px;--awb-border-radius-bottom-right:0px;--awb-border-radius-bottom-left:0px;\" ><div class=\"fusion-builder-row fusion-row fusion-flex-align-items-flex-start\" style=\"max-width:1248px;margin-left: calc(-4% \/ 2 );margin-right: calc(-4% \/ 2 );\"><div class=\"fusion-layout-column fusion_builder_column fusion-builder-column-25 fusion_builder_column_1_1 1_1 fusion-flex-column\" style=\"--awb-bg-blend:overlay;--awb-bg-size:cover;--awb-width-large:100%;--awb-spacing-right-large:1.92%;--awb-spacing-left-large:1.92%;--awb-width-medium:100%;--awb-spacing-right-medium:1.92%;--awb-spacing-left-medium:1.92%;--awb-width-small:100%;--awb-spacing-right-small:1.92%;--awb-spacing-left-small:1.92%;\"><div class=\"fusion-column-wrapper fusion-flex-justify-content-flex-start fusion-content-layout-column\"><div class=\"fusion-title title fusion-title-12 fusion-sep-none fusion-title-text fusion-title-size-three\"><h3 class=\"title-heading-left\" style=\"margin:0;\"><strong>Det viktigste \u00e5 huske<\/strong><\/h3><\/div><\/div><\/div><\/div><\/div><div class=\"fusion-fullwidth fullwidth-box fusion-builder-row-25 fusion-flex-container nonhundred-percent-fullwidth non-hundred-percent-height-scrolling\" style=\"--awb-border-radius-top-left:0px;--awb-border-radius-top-right:0px;--awb-border-radius-bottom-right:0px;--awb-border-radius-bottom-left:0px;\" ><div class=\"fusion-builder-row fusion-row fusion-flex-align-items-flex-start\" style=\"max-width:1248px;margin-left: calc(-4% \/ 2 );margin-right: calc(-4% \/ 2 );\"><div class=\"fusion-layout-column fusion_builder_column fusion-builder-column-26 fusion_builder_column_1_1 1_1 fusion-flex-column\" style=\"--awb-bg-blend:overlay;--awb-bg-size:cover;--awb-width-large:100%;--awb-spacing-right-large:1.92%;--awb-spacing-left-large:1.92%;--awb-width-medium:100%;--awb-spacing-right-medium:1.92%;--awb-spacing-left-medium:1.92%;--awb-width-small:100%;--awb-spacing-right-small:1.92%;--awb-spacing-left-small:1.92%;\"><div class=\"fusion-column-wrapper fusion-flex-justify-content-flex-start fusion-content-layout-column\"><div class=\"fusion-text fusion-text-13\"><p>\u00c5 f\u00e5 diagnosen PEVA kan f\u00f8les overveldende \u2013 spesielt n\u00e5r det gjelder ens nyf\u00f8dte barn. Men PEVA er en velkjent og behandlingsbar tilstand. Med moderne behandling er prognosen god, og de fleste barn som behandles med gode resultater kan leve et aktivt liv med velfungerende f\u00f8tter. Behandlingen er imidlertid en prosess som strekker seg over flere \u00e5r.<\/p>\n<p><strong>Gipsbehandlingen korrigerer foten. <\/strong><strong>Ortosebehandlingen bidrar til \u00e5 beholde korrigeringen.<\/strong><\/p>\n<p>Og helseteamet hjelper deg som forelder gjennom hele prosessen.<\/p>\n<\/div><\/div><\/div><\/div><\/div><div class=\"fusion-fullwidth fullwidth-box fusion-builder-row-26 fusion-flex-container nonhundred-percent-fullwidth non-hundred-percent-height-scrolling\" style=\"--awb-border-radius-top-left:0px;--awb-border-radius-top-right:0px;--awb-border-radius-bottom-right:0px;--awb-border-radius-bottom-left:0px;\" ><div class=\"fusion-builder-row fusion-row fusion-flex-align-items-flex-start\" style=\"max-width:1248px;margin-left: calc(-4% \/ 2 );margin-right: calc(-4% \/ 2 );\"><div class=\"fusion-layout-column fusion_builder_column fusion-builder-column-27 fusion_builder_column_1_1 1_1 fusion-flex-column\" style=\"--awb-bg-blend:overlay;--awb-bg-size:cover;--awb-width-large:100%;--awb-spacing-right-large:1.92%;--awb-spacing-left-large:1.92%;--awb-width-medium:100%;--awb-spacing-right-medium:1.92%;--awb-spacing-left-medium:1.92%;--awb-width-small:100%;--awb-spacing-right-small:1.92%;--awb-spacing-left-small:1.92%;\"><div class=\"fusion-column-wrapper fusion-flex-justify-content-flex-start fusion-content-layout-column\"><div class=\"fusion-title title fusion-title-13 fusion-sep-none fusion-title-text fusion-title-size-three\"><h3 class=\"title-heading-left\" style=\"margin:0;\"><strong>Vil du vite mer om Ponseti og C-Pro?<\/strong><\/h3><\/div><\/div><\/div><\/div><\/div><div class=\"fusion-fullwidth fullwidth-box fusion-builder-row-27 fusion-flex-container nonhundred-percent-fullwidth non-hundred-percent-height-scrolling\" style=\"--awb-border-radius-top-left:0px;--awb-border-radius-top-right:0px;--awb-border-radius-bottom-right:0px;--awb-border-radius-bottom-left:0px;\" ><div class=\"fusion-builder-row fusion-row fusion-flex-align-items-flex-start\" style=\"max-width:1248px;margin-left: calc(-4% \/ 2 );margin-right: calc(-4% \/ 2 );\"><div class=\"fusion-layout-column fusion_builder_column fusion-builder-column-28 fusion_builder_column_1_1 1_1 fusion-flex-column\" style=\"--awb-bg-blend:overlay;--awb-bg-size:cover;--awb-width-large:100%;--awb-spacing-right-large:1.92%;--awb-spacing-left-large:1.92%;--awb-width-medium:100%;--awb-spacing-right-medium:1.92%;--awb-spacing-left-medium:1.92%;--awb-width-small:100%;--awb-spacing-right-small:1.92%;--awb-spacing-left-small:1.92%;\"><div class=\"fusion-column-wrapper fusion-flex-justify-content-flex-start fusion-content-layout-column\"><div class=\"fusion-text fusion-text-14\"><p>Embreis har i mange \u00e5r v\u00e6rt distribut\u00f8r av Ponseti-sortimentet p\u00e5 det nordiske markedet. Siden 2026 er vi ogs\u00e5 distribut\u00f8r av C-Pro.<\/p>\n<\/div><\/div><\/div><\/div><\/div><div class=\"fusion-fullwidth fullwidth-box fusion-builder-row-28 fusion-flex-container nonhundred-percent-fullwidth non-hundred-percent-height-scrolling\" style=\"--awb-border-radius-top-left:0px;--awb-border-radius-top-right:0px;--awb-border-radius-bottom-right:0px;--awb-border-radius-bottom-left:0px;\" ><div class=\"fusion-builder-row fusion-row fusion-flex-align-items-flex-start\" style=\"max-width:1248px;margin-left: calc(-4% \/ 2 );margin-right: calc(-4% \/ 2 );\"><div class=\"fusion-layout-column fusion_builder_column fusion-builder-column-29 fusion_builder_column_1_1 1_1 fusion-flex-column\" style=\"--awb-bg-blend:overlay;--awb-bg-size:cover;--awb-width-large:100%;--awb-spacing-right-large:1.92%;--awb-spacing-left-large:1.92%;--awb-width-medium:100%;--awb-spacing-right-medium:1.92%;--awb-spacing-left-medium:1.92%;--awb-width-small:100%;--awb-spacing-right-small:1.92%;--awb-spacing-left-small:1.92%;\"><div class=\"fusion-column-wrapper fusion-flex-justify-content-flex-start fusion-content-layout-column\"><div style=\"text-align:left;\"><a class=\"fusion-button button-flat fusion-button-default-size button-default fusion-button-default button-1 fusion-button-default-span fusion-button-default-type\" target=\"_self\" href=\"https:\/\/embreis.com\/no\/produktkategori\/ortos\/fot\/peva-klumpfot\/\"><span class=\"fusion-button-text\">Les mer om C-Pro og v\u00e5re PEVA-ortoser \u2192<\/span><\/a><\/div><\/div><\/div><\/div><\/div><div class=\"fusion-fullwidth fullwidth-box fusion-builder-row-29 fusion-flex-container nonhundred-percent-fullwidth non-hundred-percent-height-scrolling\" style=\"--awb-border-radius-top-left:0px;--awb-border-radius-top-right:0px;--awb-border-radius-bottom-right:0px;--awb-border-radius-bottom-left:0px;\" ><div class=\"fusion-builder-row fusion-row fusion-flex-align-items-flex-start\" style=\"max-width:1248px;margin-left: calc(-4% \/ 2 );margin-right: calc(-4% \/ 2 );\"><div class=\"fusion-layout-column fusion_builder_column fusion-builder-column-30 fusion_builder_column_1_1 1_1 fusion-flex-column\" style=\"--awb-bg-blend:overlay;--awb-bg-size:cover;--awb-width-large:100%;--awb-spacing-right-large:1.92%;--awb-spacing-left-large:1.92%;--awb-width-medium:100%;--awb-spacing-right-medium:1.92%;--awb-spacing-left-medium:1.92%;--awb-width-small:100%;--awb-spacing-right-small:1.92%;--awb-spacing-left-small:1.92%;\"><div class=\"fusion-column-wrapper fusion-flex-justify-content-flex-start fusion-content-layout-column\"><div class=\"fusion-text fusion-text-15\"><p>Er du forelder og har sp\u00f8rsm\u00e5l om produktene v\u00e5re for behandling av PEVA? Kontakt oss, s\u00e5 hjelper vi deg videre.<\/p>\n<\/div><\/div><\/div><\/div><\/div><\/p>\n","protected":false},"excerpt":{"rendered":"","protected":false},"author":16,"featured_media":13717,"comment_status":"open","ping_status":"open","sticky":false,"template":"","format":"standard","meta":{"footnotes":""},"categories":[1],"tags":[],"class_list":["post-13720","post","type-post","status-publish","format-standard","has-post-thumbnail","hentry","category-nyheter"],"acf":[],"yoast_head":"<!-- This site is optimized with the Yoast SEO Premium plugin v27.3 (Yoast SEO v27.3) - https:\/\/yoast.com\/product\/yoast-seo-premium-wordpress\/ -->\n<title>PEVA og klumpfot \u2013 behandling, ortose og hva du som forelder b\u00f8r vite<\/title>\n<meta name=\"description\" content=\"Har barnet ditt f\u00e5tt diagnosen PEVA, ogs\u00e5 kalt klumpfot? Les om hva PEVA inneb\u00e6rer, hvordan Ponseti-metoden fungerer og hvorfor ortosebehandling er viktig.\" \/>\n<meta name=\"robots\" content=\"index, follow, max-snippet:-1, max-image-preview:large, max-video-preview:-1\" \/>\n<link rel=\"canonical\" href=\"https:\/\/embreis.com\/no\/peva-nar-barnet-ditt-fodes-med-klumpfot\/\" \/>\n<meta property=\"og:locale\" content=\"sv_SE\" \/>\n<meta property=\"og:type\" content=\"article\" \/>\n<meta property=\"og:title\" content=\"PEVA \u2013 n\u00e5r barnet ditt f\u00f8des med klumpfot\" \/>\n<meta property=\"og:description\" content=\"Har barnet ditt f\u00e5tt diagnosen PEVA, ogs\u00e5 kalt klumpfot? Les om hva PEVA inneb\u00e6rer, hvordan Ponseti-metoden fungerer og hvorfor ortosebehandling er viktig.\" \/>\n<meta property=\"og:url\" content=\"https:\/\/embreis.com\/no\/peva-nar-barnet-ditt-fodes-med-klumpfot\/\" \/>\n<meta property=\"og:site_name\" content=\"Embreis NO\" \/>\n<meta property=\"article:published_time\" content=\"2026-09-01T14:23:35+00:00\" \/>\n<meta property=\"article:modified_time\" content=\"2026-09-01T17:18:33+00:00\" \/>\n<meta property=\"og:image\" content=\"https:\/\/embreis.com\/no\/wp-content\/uploads\/sites\/9\/2026\/09\/Artikel_PEVA_huvudbild.png\" \/>\n\t<meta property=\"og:image:width\" content=\"1000\" \/>\n\t<meta property=\"og:image:height\" content=\"848\" \/>\n\t<meta property=\"og:image:type\" content=\"image\/png\" \/>\n<meta name=\"author\" content=\"johnnyragnarsson\" \/>\n<meta name=\"twitter:card\" content=\"summary_large_image\" \/>\n<meta name=\"twitter:label1\" content=\"Skriven av\" \/>\n\t<meta name=\"twitter:data1\" content=\"johnnyragnarsson\" \/>\n\t<meta name=\"twitter:label2\" content=\"Ber\u00e4knad l\u00e4stid\" \/>\n\t<meta name=\"twitter:data2\" content=\"19 minuter\" \/>\n<script type=\"application\/ld+json\" class=\"yoast-schema-graph\">{\"@context\":\"https:\\\/\\\/schema.org\",\"@graph\":[{\"@type\":\"Article\",\"@id\":\"https:\\\/\\\/embreis.com\\\/no\\\/peva-nar-barnet-ditt-fodes-med-klumpfot\\\/#article\",\"isPartOf\":{\"@id\":\"https:\\\/\\\/embreis.com\\\/no\\\/peva-nar-barnet-ditt-fodes-med-klumpfot\\\/\"},\"author\":{\"name\":\"johnnyragnarsson\",\"@id\":\"https:\\\/\\\/embreis.com\\\/no\\\/#\\\/schema\\\/person\\\/9f75f298897f79d8d960489fec1dddd5\"},\"headline\":\"PEVA \u2013 n\u00e5r barnet ditt f\u00f8des med klumpfot\",\"datePublished\":\"2026-09-01T14:23:35+00:00\",\"dateModified\":\"2026-09-01T17:18:33+00:00\",\"mainEntityOfPage\":{\"@id\":\"https:\\\/\\\/embreis.com\\\/no\\\/peva-nar-barnet-ditt-fodes-med-klumpfot\\\/\"},\"wordCount\":7368,\"commentCount\":0,\"image\":{\"@id\":\"https:\\\/\\\/embreis.com\\\/no\\\/peva-nar-barnet-ditt-fodes-med-klumpfot\\\/#primaryimage\"},\"thumbnailUrl\":\"https:\\\/\\\/embreis.com\\\/no\\\/wp-content\\\/uploads\\\/sites\\\/9\\\/2026\\\/09\\\/Artikel_PEVA_huvudbild.png\",\"articleSection\":[\"Nyheter\"],\"inLanguage\":\"sv-SE\",\"potentialAction\":[{\"@type\":\"CommentAction\",\"name\":\"Comment\",\"target\":[\"https:\\\/\\\/embreis.com\\\/no\\\/peva-nar-barnet-ditt-fodes-med-klumpfot\\\/#respond\"]}]},{\"@type\":\"WebPage\",\"@id\":\"https:\\\/\\\/embreis.com\\\/no\\\/peva-nar-barnet-ditt-fodes-med-klumpfot\\\/\",\"url\":\"https:\\\/\\\/embreis.com\\\/no\\\/peva-nar-barnet-ditt-fodes-med-klumpfot\\\/\",\"name\":\"PEVA og klumpfot \u2013 behandling, ortose og hva du som forelder b\u00f8r vite\",\"isPartOf\":{\"@id\":\"https:\\\/\\\/embreis.com\\\/no\\\/#website\"},\"primaryImageOfPage\":{\"@id\":\"https:\\\/\\\/embreis.com\\\/no\\\/peva-nar-barnet-ditt-fodes-med-klumpfot\\\/#primaryimage\"},\"image\":{\"@id\":\"https:\\\/\\\/embreis.com\\\/no\\\/peva-nar-barnet-ditt-fodes-med-klumpfot\\\/#primaryimage\"},\"thumbnailUrl\":\"https:\\\/\\\/embreis.com\\\/no\\\/wp-content\\\/uploads\\\/sites\\\/9\\\/2026\\\/09\\\/Artikel_PEVA_huvudbild.png\",\"datePublished\":\"2026-09-01T14:23:35+00:00\",\"dateModified\":\"2026-09-01T17:18:33+00:00\",\"author\":{\"@id\":\"https:\\\/\\\/embreis.com\\\/no\\\/#\\\/schema\\\/person\\\/9f75f298897f79d8d960489fec1dddd5\"},\"description\":\"Har barnet ditt f\u00e5tt diagnosen PEVA, ogs\u00e5 kalt klumpfot? Les om hva PEVA inneb\u00e6rer, hvordan Ponseti-metoden fungerer og hvorfor ortosebehandling er viktig.\",\"breadcrumb\":{\"@id\":\"https:\\\/\\\/embreis.com\\\/no\\\/peva-nar-barnet-ditt-fodes-med-klumpfot\\\/#breadcrumb\"},\"inLanguage\":\"sv-SE\",\"potentialAction\":[{\"@type\":\"ReadAction\",\"target\":[\"https:\\\/\\\/embreis.com\\\/no\\\/peva-nar-barnet-ditt-fodes-med-klumpfot\\\/\"]}]},{\"@type\":\"ImageObject\",\"inLanguage\":\"sv-SE\",\"@id\":\"https:\\\/\\\/embreis.com\\\/no\\\/peva-nar-barnet-ditt-fodes-med-klumpfot\\\/#primaryimage\",\"url\":\"https:\\\/\\\/embreis.com\\\/no\\\/wp-content\\\/uploads\\\/sites\\\/9\\\/2026\\\/09\\\/Artikel_PEVA_huvudbild.png\",\"contentUrl\":\"https:\\\/\\\/embreis.com\\\/no\\\/wp-content\\\/uploads\\\/sites\\\/9\\\/2026\\\/09\\\/Artikel_PEVA_huvudbild.png\",\"width\":1000,\"height\":848},{\"@type\":\"BreadcrumbList\",\"@id\":\"https:\\\/\\\/embreis.com\\\/no\\\/peva-nar-barnet-ditt-fodes-med-klumpfot\\\/#breadcrumb\",\"itemListElement\":[{\"@type\":\"ListItem\",\"position\":1,\"name\":\"Hem\",\"item\":\"https:\\\/\\\/embreis.com\\\/no\\\/\"},{\"@type\":\"ListItem\",\"position\":2,\"name\":\"PEVA \u2013 n\u00e5r barnet ditt f\u00f8des med klumpfot\"}]},{\"@type\":\"WebSite\",\"@id\":\"https:\\\/\\\/embreis.com\\\/no\\\/#website\",\"url\":\"https:\\\/\\\/embreis.com\\\/no\\\/\",\"name\":\"Embreis NO\",\"description\":\"Ortoser, proteser och material\",\"potentialAction\":[{\"@type\":\"SearchAction\",\"target\":{\"@type\":\"EntryPoint\",\"urlTemplate\":\"https:\\\/\\\/embreis.com\\\/no\\\/?s={search_term_string}\"},\"query-input\":{\"@type\":\"PropertyValueSpecification\",\"valueRequired\":true,\"valueName\":\"search_term_string\"}}],\"inLanguage\":\"sv-SE\"},{\"@type\":\"Person\",\"@id\":\"https:\\\/\\\/embreis.com\\\/no\\\/#\\\/schema\\\/person\\\/9f75f298897f79d8d960489fec1dddd5\",\"name\":\"johnnyragnarsson\",\"image\":{\"@type\":\"ImageObject\",\"inLanguage\":\"sv-SE\",\"@id\":\"https:\\\/\\\/secure.gravatar.com\\\/avatar\\\/1ec83aae8f01206dfada4bf4a749e6ee50613e3e29de80160b0821bc76930cfd?s=96&d=mm&r=g\",\"url\":\"https:\\\/\\\/secure.gravatar.com\\\/avatar\\\/1ec83aae8f01206dfada4bf4a749e6ee50613e3e29de80160b0821bc76930cfd?s=96&d=mm&r=g\",\"contentUrl\":\"https:\\\/\\\/secure.gravatar.com\\\/avatar\\\/1ec83aae8f01206dfada4bf4a749e6ee50613e3e29de80160b0821bc76930cfd?s=96&d=mm&r=g\",\"caption\":\"johnnyragnarsson\"},\"url\":\"https:\\\/\\\/embreis.com\\\/no\\\/author\\\/johnnyragnarsson\\\/\"}]}<\/script>\n<!-- \/ Yoast SEO Premium plugin. -->","yoast_head_json":{"title":"PEVA og klumpfot \u2013 behandling, ortose og hva du som forelder b\u00f8r vite","description":"Har barnet ditt f\u00e5tt diagnosen PEVA, ogs\u00e5 kalt klumpfot? Les om hva PEVA inneb\u00e6rer, hvordan Ponseti-metoden fungerer og hvorfor ortosebehandling er viktig.","robots":{"index":"index","follow":"follow","max-snippet":"max-snippet:-1","max-image-preview":"max-image-preview:large","max-video-preview":"max-video-preview:-1"},"canonical":"https:\/\/embreis.com\/no\/peva-nar-barnet-ditt-fodes-med-klumpfot\/","og_locale":"sv_SE","og_type":"article","og_title":"PEVA \u2013 n\u00e5r barnet ditt f\u00f8des med klumpfot","og_description":"Har barnet ditt f\u00e5tt diagnosen PEVA, ogs\u00e5 kalt klumpfot? Les om hva PEVA inneb\u00e6rer, hvordan Ponseti-metoden fungerer og hvorfor ortosebehandling er viktig.","og_url":"https:\/\/embreis.com\/no\/peva-nar-barnet-ditt-fodes-med-klumpfot\/","og_site_name":"Embreis NO","article_published_time":"2026-09-01T14:23:35+00:00","article_modified_time":"2026-09-01T17:18:33+00:00","og_image":[{"width":1000,"height":848,"url":"https:\/\/embreis.com\/no\/wp-content\/uploads\/sites\/9\/2026\/09\/Artikel_PEVA_huvudbild.png","type":"image\/png"}],"author":"johnnyragnarsson","twitter_card":"summary_large_image","twitter_misc":{"Skriven av":"johnnyragnarsson","Ber\u00e4knad l\u00e4stid":"19 minuter"},"schema":{"@context":"https:\/\/schema.org","@graph":[{"@type":"Article","@id":"https:\/\/embreis.com\/no\/peva-nar-barnet-ditt-fodes-med-klumpfot\/#article","isPartOf":{"@id":"https:\/\/embreis.com\/no\/peva-nar-barnet-ditt-fodes-med-klumpfot\/"},"author":{"name":"johnnyragnarsson","@id":"https:\/\/embreis.com\/no\/#\/schema\/person\/9f75f298897f79d8d960489fec1dddd5"},"headline":"PEVA \u2013 n\u00e5r barnet ditt f\u00f8des med klumpfot","datePublished":"2026-09-01T14:23:35+00:00","dateModified":"2026-09-01T17:18:33+00:00","mainEntityOfPage":{"@id":"https:\/\/embreis.com\/no\/peva-nar-barnet-ditt-fodes-med-klumpfot\/"},"wordCount":7368,"commentCount":0,"image":{"@id":"https:\/\/embreis.com\/no\/peva-nar-barnet-ditt-fodes-med-klumpfot\/#primaryimage"},"thumbnailUrl":"https:\/\/embreis.com\/no\/wp-content\/uploads\/sites\/9\/2026\/09\/Artikel_PEVA_huvudbild.png","articleSection":["Nyheter"],"inLanguage":"sv-SE","potentialAction":[{"@type":"CommentAction","name":"Comment","target":["https:\/\/embreis.com\/no\/peva-nar-barnet-ditt-fodes-med-klumpfot\/#respond"]}]},{"@type":"WebPage","@id":"https:\/\/embreis.com\/no\/peva-nar-barnet-ditt-fodes-med-klumpfot\/","url":"https:\/\/embreis.com\/no\/peva-nar-barnet-ditt-fodes-med-klumpfot\/","name":"PEVA og klumpfot \u2013 behandling, ortose og hva du som forelder b\u00f8r vite","isPartOf":{"@id":"https:\/\/embreis.com\/no\/#website"},"primaryImageOfPage":{"@id":"https:\/\/embreis.com\/no\/peva-nar-barnet-ditt-fodes-med-klumpfot\/#primaryimage"},"image":{"@id":"https:\/\/embreis.com\/no\/peva-nar-barnet-ditt-fodes-med-klumpfot\/#primaryimage"},"thumbnailUrl":"https:\/\/embreis.com\/no\/wp-content\/uploads\/sites\/9\/2026\/09\/Artikel_PEVA_huvudbild.png","datePublished":"2026-09-01T14:23:35+00:00","dateModified":"2026-09-01T17:18:33+00:00","author":{"@id":"https:\/\/embreis.com\/no\/#\/schema\/person\/9f75f298897f79d8d960489fec1dddd5"},"description":"Har barnet ditt f\u00e5tt diagnosen PEVA, ogs\u00e5 kalt klumpfot? Les om hva PEVA inneb\u00e6rer, hvordan Ponseti-metoden fungerer og hvorfor ortosebehandling er viktig.","breadcrumb":{"@id":"https:\/\/embreis.com\/no\/peva-nar-barnet-ditt-fodes-med-klumpfot\/#breadcrumb"},"inLanguage":"sv-SE","potentialAction":[{"@type":"ReadAction","target":["https:\/\/embreis.com\/no\/peva-nar-barnet-ditt-fodes-med-klumpfot\/"]}]},{"@type":"ImageObject","inLanguage":"sv-SE","@id":"https:\/\/embreis.com\/no\/peva-nar-barnet-ditt-fodes-med-klumpfot\/#primaryimage","url":"https:\/\/embreis.com\/no\/wp-content\/uploads\/sites\/9\/2026\/09\/Artikel_PEVA_huvudbild.png","contentUrl":"https:\/\/embreis.com\/no\/wp-content\/uploads\/sites\/9\/2026\/09\/Artikel_PEVA_huvudbild.png","width":1000,"height":848},{"@type":"BreadcrumbList","@id":"https:\/\/embreis.com\/no\/peva-nar-barnet-ditt-fodes-med-klumpfot\/#breadcrumb","itemListElement":[{"@type":"ListItem","position":1,"name":"Hem","item":"https:\/\/embreis.com\/no\/"},{"@type":"ListItem","position":2,"name":"PEVA \u2013 n\u00e5r barnet ditt f\u00f8des med klumpfot"}]},{"@type":"WebSite","@id":"https:\/\/embreis.com\/no\/#website","url":"https:\/\/embreis.com\/no\/","name":"Embreis NO","description":"Ortoser, proteser och material","potentialAction":[{"@type":"SearchAction","target":{"@type":"EntryPoint","urlTemplate":"https:\/\/embreis.com\/no\/?s={search_term_string}"},"query-input":{"@type":"PropertyValueSpecification","valueRequired":true,"valueName":"search_term_string"}}],"inLanguage":"sv-SE"},{"@type":"Person","@id":"https:\/\/embreis.com\/no\/#\/schema\/person\/9f75f298897f79d8d960489fec1dddd5","name":"johnnyragnarsson","image":{"@type":"ImageObject","inLanguage":"sv-SE","@id":"https:\/\/secure.gravatar.com\/avatar\/1ec83aae8f01206dfada4bf4a749e6ee50613e3e29de80160b0821bc76930cfd?s=96&d=mm&r=g","url":"https:\/\/secure.gravatar.com\/avatar\/1ec83aae8f01206dfada4bf4a749e6ee50613e3e29de80160b0821bc76930cfd?s=96&d=mm&r=g","contentUrl":"https:\/\/secure.gravatar.com\/avatar\/1ec83aae8f01206dfada4bf4a749e6ee50613e3e29de80160b0821bc76930cfd?s=96&d=mm&r=g","caption":"johnnyragnarsson"},"url":"https:\/\/embreis.com\/no\/author\/johnnyragnarsson\/"}]}},"_links":{"self":[{"href":"https:\/\/embreis.com\/no\/wp-json\/wp\/v2\/posts\/13720","targetHints":{"allow":["GET"]}}],"collection":[{"href":"https:\/\/embreis.com\/no\/wp-json\/wp\/v2\/posts"}],"about":[{"href":"https:\/\/embreis.com\/no\/wp-json\/wp\/v2\/types\/post"}],"author":[{"embeddable":true,"href":"https:\/\/embreis.com\/no\/wp-json\/wp\/v2\/users\/16"}],"replies":[{"embeddable":true,"href":"https:\/\/embreis.com\/no\/wp-json\/wp\/v2\/comments?post=13720"}],"version-history":[{"count":0,"href":"https:\/\/embreis.com\/no\/wp-json\/wp\/v2\/posts\/13720\/revisions"}],"wp:featuredmedia":[{"embeddable":true,"href":"https:\/\/embreis.com\/no\/wp-json\/wp\/v2\/media\/13717"}],"wp:attachment":[{"href":"https:\/\/embreis.com\/no\/wp-json\/wp\/v2\/media?parent=13720"}],"wp:term":[{"taxonomy":"category","embeddable":true,"href":"https:\/\/embreis.com\/no\/wp-json\/wp\/v2\/categories?post=13720"},{"taxonomy":"post_tag","embeddable":true,"href":"https:\/\/embreis.com\/no\/wp-json\/wp\/v2\/tags?post=13720"}],"curies":[{"name":"wp","href":"https:\/\/api.w.org\/{rel}","templated":true}]}}