{"id":13423,"date":"2026-09-01T16:23:51","date_gmt":"2026-09-01T14:23:51","guid":{"rendered":"https:\/\/embreis.com\/dk\/?p=13423"},"modified":"2026-09-01T16:23:51","modified_gmt":"2026-09-01T14:23:51","slug":"peva-nar-dit-barn-fodes-med-klumpfod","status":"publish","type":"post","link":"https:\/\/embreis.com\/dk\/peva-nar-dit-barn-fodes-med-klumpfod\/","title":{"rendered":"PEVA \u2013 n\u00e5r dit barn f\u00f8des med klumpfod"},"content":{"rendered":"<p><div class=\"fusion-fullwidth fullwidth-box fusion-builder-row-1 fusion-flex-container nonhundred-percent-fullwidth non-hundred-percent-height-scrolling\" style=\"--awb-border-radius-top-left:0px;--awb-border-radius-top-right:0px;--awb-border-radius-bottom-right:0px;--awb-border-radius-bottom-left:0px;\" ><div class=\"fusion-builder-row fusion-row fusion-flex-align-items-flex-start\" style=\"max-width:1248px;margin-left: calc(-4% \/ 2 );margin-right: calc(-4% \/ 2 );\"><div class=\"fusion-layout-column fusion_builder_column fusion-builder-column-0 fusion_builder_column_1_1 1_1 fusion-flex-column\" style=\"--awb-bg-blend:overlay;--awb-bg-size:cover;--awb-width-large:100%;--awb-spacing-right-large:1.92%;--awb-spacing-left-large:1.92%;--awb-width-medium:100%;--awb-spacing-right-medium:1.92%;--awb-spacing-left-medium:1.92%;--awb-width-small:100%;--awb-spacing-right-small:1.92%;--awb-spacing-left-small:1.92%;\"><div class=\"fusion-column-wrapper fusion-flex-justify-content-flex-start fusion-content-layout-column\"><div class=\"fusion-text fusion-text-1\"><p><strong>Beskeden om, at ens nyf\u00f8dte barn har PEVA, ofte kaldet klumpfod, kan give anledning til mange sp\u00f8rgsm\u00e5l. Hvad indeb\u00e6rer diagnosen? Kan mit barn komme til at g\u00e5 normalt? Skal barnet opereres? Hvor l\u00e6nge skal behandlingen vare? Og hvorfor skal barnet have en ortose med skinne efter gipsbehandlingen?<\/strong><\/p>\n<p>Det er helt naturligt at have mange sp\u00f8rgsm\u00e5l. Det positive er, at nutidens behandlingsrutiner for PEVA som regel giver rigtig gode resultater. Med den rette behandling kan b\u00f8rn med PEVA i langt de fleste tilf\u00e6lde vokse op med f\u00f8dder, der fungerer godt i hverdagen, og som g\u00f8r det muligt at l\u00f8be, lege og deltage i fysisk aktivitet. I denne artikel gennemg\u00e5r vi, hvad PEVA er, hvordan behandlingen fungerer, og hvorfor skoene, de sandallignende s\u00e5kaldte AFO-ortoser, og skinnen er en s\u00e5 vigtig del af behandlingen.<\/p>\n<\/div><\/div><\/div><\/div><\/div><div class=\"fusion-fullwidth fullwidth-box fusion-builder-row-2 fusion-flex-container nonhundred-percent-fullwidth non-hundred-percent-height-scrolling\" style=\"--awb-border-radius-top-left:0px;--awb-border-radius-top-right:0px;--awb-border-radius-bottom-right:0px;--awb-border-radius-bottom-left:0px;\" ><div class=\"fusion-builder-row fusion-row fusion-flex-align-items-flex-start\" style=\"max-width:1248px;margin-left: calc(-4% \/ 2 );margin-right: calc(-4% \/ 2 );\"><div class=\"fusion-layout-column fusion_builder_column fusion-builder-column-1 fusion_builder_column_1_1 1_1 fusion-flex-column\" style=\"--awb-padding-top:40px;--awb-padding-right:40px;--awb-padding-bottom:40px;--awb-padding-left:40px;--awb-bg-color:#EE7402;--awb-bg-size:cover;--awb-width-large:100%;--awb-spacing-right-large:1.92%;--awb-spacing-left-large:1.92%;--awb-width-medium:100%;--awb-spacing-right-medium:1.92%;--awb-spacing-left-medium:1.92%;--awb-width-small:100%;--awb-spacing-right-small:1.92%;--awb-spacing-left-small:1.92%;\"><div class=\"fusion-column-wrapper fusion-flex-justify-content-flex-start fusion-content-layout-column\"><div class=\"fusion-title title fusion-title-1 fusion-sep-none fusion-title-text fusion-title-size-three\" style=\"--awb-text-color:#ffffff;--awb-margin-bottom:20px;\"><h3 class=\"title-heading-left\" style=\"margin:0;\"><strong>Har dit barn f\u00e5et diagnosen PEVA?<\/strong><\/h3><\/div><div class=\"fusion-text fusion-text-2\"><p style=\"color: #ffffff\">I denne artikel f\u00e5r du at vide:<\/p>\n<ul style=\"color: #ffffff;font-size: 18px;line-height: 1.9\">\n<li>hvad PEVA er<\/li>\n<li>hvordan Ponseti-metoden fungerer<\/li>\n<li>hvorfor barnet skal have en ortose efter gipsbehandlingen<\/li>\n<li>hvor l\u00e6nge ortosen typisk bruges<\/li>\n<li>hvad C-Pro og Mitchell Ponseti er<\/li>\n<\/ul>\n<\/div><\/div><\/div><\/div><\/div><div class=\"fusion-fullwidth fullwidth-box fusion-builder-row-3 fusion-flex-container nonhundred-percent-fullwidth non-hundred-percent-height-scrolling\" style=\"--awb-border-radius-top-left:0px;--awb-border-radius-top-right:0px;--awb-border-radius-bottom-right:0px;--awb-border-radius-bottom-left:0px;\" ><div class=\"fusion-builder-row fusion-row fusion-flex-align-items-flex-start\" style=\"max-width:1248px;margin-left: calc(-4% \/ 2 );margin-right: calc(-4% \/ 2 );\"><div class=\"fusion-layout-column fusion_builder_column fusion-builder-column-2 fusion_builder_column_1_1 1_1 fusion-flex-column\" style=\"--awb-bg-blend:overlay;--awb-bg-size:cover;--awb-width-large:100%;--awb-spacing-right-large:1.92%;--awb-spacing-left-large:1.92%;--awb-width-medium:100%;--awb-spacing-right-medium:1.92%;--awb-spacing-left-medium:1.92%;--awb-width-small:100%;--awb-spacing-right-small:1.92%;--awb-spacing-left-small:1.92%;\"><div class=\"fusion-column-wrapper fusion-flex-justify-content-flex-start fusion-content-layout-column\"><div class=\"fusion-separator fusion-full-width-sep\" style=\"align-self: center;margin-left: auto;margin-right: auto;margin-top:10px;margin-bottom:30px;width:100%;\"><div class=\"fusion-separator-border sep-single sep-solid\" style=\"border-color:#e0dede;border-top-width:1px;\"><\/div><\/div><\/div><\/div><\/div><\/div><div class=\"fusion-fullwidth fullwidth-box fusion-builder-row-4 fusion-flex-container nonhundred-percent-fullwidth non-hundred-percent-height-scrolling\" style=\"--awb-border-radius-top-left:0px;--awb-border-radius-top-right:0px;--awb-border-radius-bottom-right:0px;--awb-border-radius-bottom-left:0px;\" ><div class=\"fusion-builder-row fusion-row fusion-flex-align-items-flex-start\" style=\"max-width:1248px;margin-left: calc(-4% \/ 2 );margin-right: calc(-4% \/ 2 );\"><div class=\"fusion-layout-column fusion_builder_column fusion-builder-column-3 fusion_builder_column_1_1 1_1 fusion-flex-column\" style=\"--awb-bg-blend:overlay;--awb-bg-size:cover;--awb-width-large:100%;--awb-spacing-right-large:1.92%;--awb-spacing-left-large:1.92%;--awb-width-medium:100%;--awb-spacing-right-medium:1.92%;--awb-spacing-left-medium:1.92%;--awb-width-small:100%;--awb-spacing-right-small:1.92%;--awb-spacing-left-small:1.92%;\"><div class=\"fusion-column-wrapper fusion-flex-justify-content-flex-start fusion-content-layout-column\"><div class=\"fusion-title title fusion-title-2 fusion-sep-none fusion-title-text fusion-title-size-three\"><h3 class=\"title-heading-left\" style=\"margin:0;\"><strong>Hvad er PEVA?<\/strong><\/h3><\/div><\/div><\/div><\/div><\/div><div class=\"fusion-fullwidth fullwidth-box fusion-builder-row-5 fusion-flex-container nonhundred-percent-fullwidth non-hundred-percent-height-scrolling\" style=\"--awb-border-radius-top-left:0px;--awb-border-radius-top-right:0px;--awb-border-radius-bottom-right:0px;--awb-border-radius-bottom-left:0px;\" ><div class=\"fusion-builder-row fusion-row fusion-flex-align-items-flex-start\" style=\"max-width:1248px;margin-left: calc(-4% \/ 2 );margin-right: calc(-4% \/ 2 );\"><div class=\"fusion-layout-column fusion_builder_column fusion-builder-column-4 fusion_builder_column_1_1 1_1 fusion-flex-column\" style=\"--awb-bg-blend:overlay;--awb-bg-size:cover;--awb-width-large:100%;--awb-spacing-right-large:1.92%;--awb-spacing-left-large:1.92%;--awb-width-medium:100%;--awb-spacing-right-medium:1.92%;--awb-spacing-left-medium:1.92%;--awb-width-small:100%;--awb-spacing-right-small:1.92%;--awb-spacing-left-small:1.92%;\"><div class=\"fusion-column-wrapper fusion-flex-justify-content-flex-start fusion-content-layout-column\"><div class=\"fusion-text fusion-text-3\"><p>PEVA st\u00e5r for pes equinovarus adductus og er en medf\u00f8dt fejlstilling af foden. Tilstanden kaldes ogs\u00e5 kongenit klumpfod eller bare klumpfod. PEVA kan forekomme i den ene fod eller i begge f\u00f8dder. Foden er da typisk vredet, s\u00e5:<\/p>\n<ul>\n<li>h\u00e6len peger indad<\/li>\n<li>forfoden er rettet indad<\/li>\n<li>foden st\u00e5r i spidsfodsstilling<\/li>\n<li>fodbuen er mere hv\u00e6lvet end normalt<\/li>\n<\/ul>\n<p>PEVA opdages ofte allerede under graviditeten eller lige efter f\u00f8dslen. Fejlstillingen af foden skyldes ikke, at du som for\u00e6lder har gjort noget forkert. Det er en medf\u00f8dt \u00e6ndring i udviklingen af foden og underbenet og forekommer hos omkring 1-2 ud af 1.000 b\u00f8rn. I Danmark henvises b\u00f8rn med mistanke om PEVA til ortop\u00e6dkirurg til vurdering og behandling.<\/p>\n<\/div><\/div><\/div><\/div><\/div><div class=\"fusion-fullwidth fullwidth-box fusion-builder-row-6 fusion-flex-container nonhundred-percent-fullwidth non-hundred-percent-height-scrolling\" style=\"--awb-border-radius-top-left:0px;--awb-border-radius-top-right:0px;--awb-border-radius-bottom-right:0px;--awb-border-radius-bottom-left:0px;\" ><div class=\"fusion-builder-row fusion-row fusion-flex-align-items-flex-start\" style=\"max-width:1248px;margin-left: calc(-4% \/ 2 );margin-right: calc(-4% \/ 2 );\"><div class=\"fusion-layout-column fusion_builder_column fusion-builder-column-5 fusion_builder_column_1_1 1_1 fusion-flex-column\" style=\"--awb-bg-blend:overlay;--awb-bg-size:cover;--awb-width-large:100%;--awb-spacing-right-large:1.92%;--awb-spacing-left-large:1.92%;--awb-width-medium:100%;--awb-spacing-right-medium:1.92%;--awb-spacing-left-medium:1.92%;--awb-width-small:100%;--awb-spacing-right-small:1.92%;--awb-spacing-left-small:1.92%;\"><div class=\"fusion-column-wrapper fusion-flex-justify-content-flex-start fusion-content-layout-column\"><div class=\"fusion-title title fusion-title-3 fusion-sep-none fusion-title-text fusion-title-size-three\"><h3 class=\"title-heading-left\" style=\"margin:0;\"><strong>Kan et barn med PEVA g\u00e5 normalt?<\/strong><\/h3><\/div><\/div><\/div><\/div><\/div><div class=\"fusion-fullwidth fullwidth-box fusion-builder-row-7 fusion-flex-container nonhundred-percent-fullwidth non-hundred-percent-height-scrolling\" style=\"--awb-border-radius-top-left:0px;--awb-border-radius-top-right:0px;--awb-border-radius-bottom-right:0px;--awb-border-radius-bottom-left:0px;\" ><div class=\"fusion-builder-row fusion-row fusion-flex-align-items-flex-start\" style=\"max-width:1248px;margin-left: calc(-4% \/ 2 );margin-right: calc(-4% \/ 2 );\"><div class=\"fusion-layout-column fusion_builder_column fusion-builder-column-6 fusion_builder_column_1_1 1_1 fusion-flex-column\" style=\"--awb-bg-blend:overlay;--awb-bg-size:cover;--awb-width-large:100%;--awb-spacing-right-large:1.92%;--awb-spacing-left-large:1.92%;--awb-width-medium:100%;--awb-spacing-right-medium:1.92%;--awb-spacing-left-medium:1.92%;--awb-width-small:100%;--awb-spacing-right-small:1.92%;--awb-spacing-left-small:1.92%;\"><div class=\"fusion-column-wrapper fusion-flex-justify-content-flex-start fusion-content-layout-column\"><div class=\"fusion-text fusion-text-4\"><p>Med moderne behandling efter Ponseti-metoden er prognosen for b\u00f8rn med idiopatisk PEVA rigtig god. M\u00e5let med behandlingen er at korrigere fodens fejlstilling og derefter bevare den korrigerede position, mens barnet vokser. B\u00f8rn, der er behandlet med godt resultat, kan normalt deltage i leg, sport og andre fysiske aktiviteter og bruge almindelige sko. Men behandlingen tager tid, og den korrigerende ortose spiller en meget vigtig rolle.<\/p>\n<\/div><\/div><\/div><\/div><\/div><div class=\"fusion-fullwidth fullwidth-box fusion-builder-row-8 fusion-flex-container nonhundred-percent-fullwidth non-hundred-percent-height-scrolling\" style=\"--awb-border-radius-top-left:0px;--awb-border-radius-top-right:0px;--awb-border-radius-bottom-right:0px;--awb-border-radius-bottom-left:0px;\" ><div class=\"fusion-builder-row fusion-row fusion-flex-align-items-flex-start\" style=\"max-width:1248px;margin-left: calc(-4% \/ 2 );margin-right: calc(-4% \/ 2 );\"><div class=\"fusion-layout-column fusion_builder_column fusion-builder-column-7 fusion_builder_column_1_1 1_1 fusion-flex-column\" style=\"--awb-bg-blend:overlay;--awb-bg-size:cover;--awb-width-large:100%;--awb-spacing-right-large:1.92%;--awb-spacing-left-large:1.92%;--awb-width-medium:100%;--awb-spacing-right-medium:1.92%;--awb-spacing-left-medium:1.92%;--awb-width-small:100%;--awb-spacing-right-small:1.92%;--awb-spacing-left-small:1.92%;\"><div class=\"fusion-column-wrapper fusion-flex-justify-content-flex-start fusion-content-layout-column\"><div class=\"fusion-title title fusion-title-4 fusion-sep-none fusion-title-text fusion-title-size-three\"><h3 class=\"title-heading-left\" style=\"margin:0;\"><strong>Hvordan behandles PEVA?<\/strong><\/h3><\/div><\/div><\/div><\/div><\/div><div class=\"fusion-fullwidth fullwidth-box fusion-builder-row-9 fusion-flex-container nonhundred-percent-fullwidth non-hundred-percent-height-scrolling\" style=\"--awb-border-radius-top-left:0px;--awb-border-radius-top-right:0px;--awb-border-radius-bottom-right:0px;--awb-border-radius-bottom-left:0px;\" ><div class=\"fusion-builder-row fusion-row fusion-flex-align-items-flex-start\" style=\"max-width:1248px;margin-left: calc(-4% \/ 2 );margin-right: calc(-4% \/ 2 );\"><div class=\"fusion-layout-column fusion_builder_column fusion-builder-column-8 fusion_builder_column_1_1 1_1 fusion-flex-column\" style=\"--awb-bg-blend:overlay;--awb-bg-size:cover;--awb-width-large:100%;--awb-spacing-right-large:1.92%;--awb-spacing-left-large:1.92%;--awb-width-medium:100%;--awb-spacing-right-medium:1.92%;--awb-spacing-left-medium:1.92%;--awb-width-small:100%;--awb-spacing-right-small:1.92%;--awb-spacing-left-small:1.92%;\"><div class=\"fusion-column-wrapper fusion-flex-justify-content-flex-start fusion-content-layout-column\"><div class=\"fusion-text fusion-text-5\"><p>I Danmark bruges Ponseti-metoden i vid udstr\u00e6kning som en etableret behandlingsmetode for PEVA. Behandlingen best\u00e5r hovedsageligt af tre dele:<\/p>\n<ol>\n<li><strong>Redression og gipsning<\/strong><br \/>\nFoden korrigeres forsigtigt trin for trin gennem manipulation og gipsning. Gipsen skiftes typisk hver uge, og fodens position forbedres gradvist. Der skal ofte bruges omkring fem til syv gipsninger, selvom antallet kan variere.<\/li>\n<li><strong>Eventuel h\u00e6lsenetenotomi<\/strong><br \/>\nN\u00e5r fodens \u00f8vrige dele er korrigeret, kan h\u00e6lsenen stadig v\u00e6re for stram til, at h\u00e6len kan komme ned i korrekt position. I s\u00e5danne tilf\u00e6lde udf\u00f8res en s\u00e5kaldt akillestenotomi, hvor h\u00e6lsenen deles for at korrigere resterende spidsfodsstilling. Dette er en almindelig del af Ponseti-behandlingen og betyder ikke, at behandlingen er mislykkedes. Efter indgrebet f\u00e5r barnet yderligere gips i en periode.<\/li>\n<li><strong>Ortosebehandling<\/strong><br \/>\nN\u00e5r foden er korrigeret, begynder n\u00e6ste meget vigtige del af behandlingen: ortosebehandling. Barnet f\u00e5r en s\u00e5kaldt fodabduktionsortose, en sandallignende sko, der er forbundet med en skinne. Ortosens opgave er at bevare den korrigerede fod i korrekt position, mens barnet vokser. Det er vigtigt, fordi PEVA kan komme tilbage, s\u00e5kaldt recidiv, hvis den korrigerede position ikke bevares.<\/li>\n<\/ol>\n<\/div><\/div><\/div><\/div><\/div><div class=\"fusion-fullwidth fullwidth-box fusion-builder-row-10 fusion-flex-container nonhundred-percent-fullwidth non-hundred-percent-height-scrolling\" style=\"--awb-border-radius-top-left:0px;--awb-border-radius-top-right:0px;--awb-border-radius-bottom-right:0px;--awb-border-radius-bottom-left:0px;\" ><div class=\"fusion-builder-row fusion-row fusion-flex-align-items-flex-start\" style=\"max-width:1248px;margin-left: calc(-4% \/ 2 );margin-right: calc(-4% \/ 2 );\"><div class=\"fusion-layout-column fusion_builder_column fusion-builder-column-9 fusion_builder_column_1_1 1_1 fusion-flex-column\" style=\"--awb-bg-blend:overlay;--awb-bg-size:cover;--awb-width-large:100%;--awb-spacing-right-large:1.92%;--awb-spacing-left-large:1.92%;--awb-width-medium:100%;--awb-spacing-right-medium:1.92%;--awb-spacing-left-medium:1.92%;--awb-width-small:100%;--awb-spacing-right-small:1.92%;--awb-spacing-left-small:1.92%;\"><div class=\"fusion-column-wrapper fusion-flex-justify-content-flex-start fusion-content-layout-column\"><div class=\"fusion-title title fusion-title-5 fusion-sep-none fusion-title-text fusion-title-size-three\"><h3 class=\"title-heading-left\" style=\"margin:0;\"><strong>Hvorfor skal barnet have ortose s\u00e5 l\u00e6nge?<\/strong><\/h3><\/div><\/div><\/div><\/div><\/div><div class=\"fusion-fullwidth fullwidth-box fusion-builder-row-11 fusion-flex-container nonhundred-percent-fullwidth non-hundred-percent-height-scrolling\" style=\"--awb-border-radius-top-left:0px;--awb-border-radius-top-right:0px;--awb-border-radius-bottom-right:0px;--awb-border-radius-bottom-left:0px;\" ><div class=\"fusion-builder-row fusion-row fusion-flex-align-items-flex-start\" style=\"max-width:1248px;margin-left: calc(-4% \/ 2 );margin-right: calc(-4% \/ 2 );\"><div class=\"fusion-layout-column fusion_builder_column fusion-builder-column-10 fusion_builder_column_1_1 1_1 fusion-flex-column\" style=\"--awb-bg-blend:overlay;--awb-bg-size:cover;--awb-width-large:100%;--awb-spacing-right-large:1.92%;--awb-spacing-left-large:1.92%;--awb-width-medium:100%;--awb-spacing-right-medium:1.92%;--awb-spacing-left-medium:1.92%;--awb-width-small:100%;--awb-spacing-right-small:1.92%;--awb-spacing-left-small:1.92%;\"><div class=\"fusion-column-wrapper fusion-flex-justify-content-flex-start fusion-content-layout-column\"><div class=\"fusion-text fusion-text-6\"><p>Dette er m\u00e5ske den del af behandlingen, der kan v\u00e6re sv\u00e6rest for for\u00e6ldre at forst\u00e5. N\u00e5r foden er korrigeret, er behandlingen alts\u00e5 ikke helt f\u00e6rdig. Barnets fod har stadig brug for st\u00f8tte for at bevare den korrigerede position under v\u00e6ksten. Derfor bruges sko med skinne i en l\u00e6ngere periode, ofte indtil omkring fire\u00e5rsalderen. I begyndelsen bruges ortosen det meste af d\u00f8gnet. Derefter g\u00e5r behandlingen over til prim\u00e6rt brug om natten, ved s\u00f8vn og hvile. Den pr\u00e6cise plan fastl\u00e6gges af barnets behandlende ortop\u00e6dkirurg og kan tilpasses barnets alder, behandling og individuelle behov. Ortosen er alts\u00e5 ikke bare et hj\u00e6lpemiddel for \u00f8jeblikket. Den er en vigtig del af behandlingen, der er med til at mindske risikoen for, at fejlstillingen kommer tilbage.<\/p>\n<\/div><\/div><\/div><\/div><\/div><div class=\"fusion-fullwidth fullwidth-box fusion-builder-row-12 fusion-flex-container nonhundred-percent-fullwidth non-hundred-percent-height-scrolling\" style=\"--awb-border-radius-top-left:0px;--awb-border-radius-top-right:0px;--awb-border-radius-bottom-right:0px;--awb-border-radius-bottom-left:0px;\" ><div class=\"fusion-builder-row fusion-row fusion-flex-align-items-flex-start\" style=\"max-width:1248px;margin-left: calc(-4% \/ 2 );margin-right: calc(-4% \/ 2 );\"><div class=\"fusion-layout-column fusion_builder_column fusion-builder-column-11 fusion_builder_column_1_1 1_1 fusion-flex-column\" style=\"--awb-bg-blend:overlay;--awb-bg-size:cover;--awb-width-large:100%;--awb-spacing-right-large:1.92%;--awb-spacing-left-large:1.92%;--awb-width-medium:100%;--awb-spacing-right-medium:1.92%;--awb-spacing-left-medium:1.92%;--awb-width-small:100%;--awb-spacing-right-small:1.92%;--awb-spacing-left-small:1.92%;\"><div class=\"fusion-column-wrapper fusion-flex-justify-content-flex-start fusion-content-layout-column\"><div class=\"fusion-title title fusion-title-6 fusion-sep-none fusion-title-text fusion-title-size-three\"><h3 class=\"title-heading-left\" style=\"margin:0;\"><strong>Ortosen \u2013 en vigtig del af hverdagen<\/strong><\/h3><\/div><\/div><\/div><\/div><\/div><div class=\"fusion-fullwidth fullwidth-box fusion-builder-row-13 fusion-flex-container nonhundred-percent-fullwidth non-hundred-percent-height-scrolling\" style=\"--awb-border-radius-top-left:0px;--awb-border-radius-top-right:0px;--awb-border-radius-bottom-right:0px;--awb-border-radius-bottom-left:0px;\" ><div class=\"fusion-builder-row fusion-row fusion-flex-align-items-flex-start\" style=\"max-width:1248px;margin-left: calc(-4% \/ 2 );margin-right: calc(-4% \/ 2 );\"><div class=\"fusion-layout-column fusion_builder_column fusion-builder-column-12 fusion_builder_column_1_1 1_1 fusion-flex-column\" style=\"--awb-bg-blend:overlay;--awb-bg-size:cover;--awb-width-large:100%;--awb-spacing-right-large:1.92%;--awb-spacing-left-large:1.92%;--awb-width-medium:100%;--awb-spacing-right-medium:1.92%;--awb-spacing-left-medium:1.92%;--awb-width-small:100%;--awb-spacing-right-small:1.92%;--awb-spacing-left-small:1.92%;\"><div class=\"fusion-column-wrapper fusion-flex-justify-content-flex-start fusion-content-layout-column\"><div class=\"fusion-text fusion-text-7\"><p>For mange familier bliver skoene og skinnen en naturlig del af barnets hverdag. Men det betyder ikke, at hverdagen bliver nem. For at give det bedste resultat skal barnet sove med ortoserne p\u00e5. F\u00f8dderne skal holdes i korrekt position, samtidig med at barnet skal kunne sove og bev\u00e6ge sig s\u00e5 komfortabelt som muligt. Det er derfor vigtigt, at ortosen er korrekt tilpasset, og at for\u00e6ldrene f\u00e5r tydelige instruktioner fra sundhedspersonalet om, hvordan skoene skal tages p\u00e5.<\/p>\n<p>Forskningen viser ogs\u00e5, at der findes udfordringer i forbindelse med brugen af fodabduktionsortoser. Vanskeligheder med at tolerere ortosen og med at bruge den efter anbefalingerne kan p\u00e5virke behandlingsresultatet og risikoen for recidiv. God information, korrekt tilpasning og st\u00f8tte fra behandlingsteamet er derfor vigtige dele af en vellykket ortosebehandling.<\/p>\n<\/div><\/div><\/div><\/div><\/div><div class=\"fusion-fullwidth fullwidth-box fusion-builder-row-14 fusion-flex-container nonhundred-percent-fullwidth non-hundred-percent-height-scrolling\" style=\"--awb-border-radius-top-left:0px;--awb-border-radius-top-right:0px;--awb-border-radius-bottom-right:0px;--awb-border-radius-bottom-left:0px;\" ><div class=\"fusion-builder-row fusion-row fusion-flex-align-items-flex-start\" style=\"max-width:1248px;margin-left: calc(-4% \/ 2 );margin-right: calc(-4% \/ 2 );\"><div class=\"fusion-layout-column fusion_builder_column fusion-builder-column-13 fusion_builder_column_1_1 1_1 fusion-flex-column\" style=\"--awb-bg-blend:overlay;--awb-bg-size:cover;--awb-width-large:100%;--awb-spacing-right-large:1.92%;--awb-spacing-left-large:1.92%;--awb-width-medium:100%;--awb-spacing-right-medium:1.92%;--awb-spacing-left-medium:1.92%;--awb-width-small:100%;--awb-spacing-right-small:1.92%;--awb-spacing-left-small:1.92%;\"><div class=\"fusion-column-wrapper fusion-flex-justify-content-flex-start fusion-content-layout-column\"><div class=\"fusion-title title fusion-title-7 fusion-sep-none fusion-title-text fusion-title-size-three\"><h3 class=\"title-heading-left\" style=\"margin:0;\"><strong>Der findes forskellige ortoser til behandling af PEVA<\/strong><\/h3><\/div><\/div><\/div><\/div><\/div><div class=\"fusion-fullwidth fullwidth-box fusion-builder-row-15 fusion-flex-container nonhundred-percent-fullwidth non-hundred-percent-height-scrolling\" style=\"--awb-border-radius-top-left:0px;--awb-border-radius-top-right:0px;--awb-border-radius-bottom-right:0px;--awb-border-radius-bottom-left:0px;\" ><div class=\"fusion-builder-row fusion-row fusion-flex-align-items-flex-start\" style=\"max-width:1248px;margin-left: calc(-4% \/ 2 );margin-right: calc(-4% \/ 2 );\"><div class=\"fusion-layout-column fusion_builder_column fusion-builder-column-14 fusion_builder_column_1_1 1_1 fusion-flex-column\" style=\"--awb-bg-blend:overlay;--awb-bg-size:cover;--awb-width-large:100%;--awb-spacing-right-large:1.92%;--awb-spacing-left-large:1.92%;--awb-width-medium:100%;--awb-spacing-right-medium:1.92%;--awb-spacing-left-medium:1.92%;--awb-width-small:100%;--awb-spacing-right-small:1.92%;--awb-spacing-left-small:1.92%;\"><div class=\"fusion-column-wrapper fusion-flex-justify-content-flex-start fusion-content-layout-column\"><div class=\"fusion-text fusion-text-8\"><p>Den klassiske fodabduktionsortose best\u00e5r af stive sandallignende sko, der er forbundet med en skinne. I dag findes der flere forskellige l\u00f8sninger. F\u00e6lles for dem er, at de skal hj\u00e6lpe med at holde den korrigerede fod i den position, som behandlingen kr\u00e6ver. Hvilken ortose der passer bedst, kan blandt andet afh\u00e6nge af:<\/p>\n<ul>\n<li>om barnet har PEVA i den ene eller begge f\u00f8dder<\/li>\n<li>barnets alder<\/li>\n<li>fodens st\u00f8rrelse<\/li>\n<li>hvordan korrektionen ser ud<\/li>\n<li>hvordan barnet tolererer ortosen<\/li>\n<li>hvilken behandling og opf\u00f8lgning der bruges af behandleren<\/li>\n<\/ul>\n<p>I et svensk studie af b\u00f8rn med PEVA havde 35 % af b\u00f8rnene med isoleret PEVA skiftet ortosetype inden fire\u00e5rsalderen. Det viser, at ortosebehandlingen kan skulle tilpasses hen over barnets opv\u00e6kst.<\/p>\n<\/div><\/div><\/div><\/div><\/div><div class=\"fusion-fullwidth fullwidth-box fusion-builder-row-16 fusion-flex-container nonhundred-percent-fullwidth non-hundred-percent-height-scrolling\" style=\"--awb-border-radius-top-left:0px;--awb-border-radius-top-right:0px;--awb-border-radius-bottom-right:0px;--awb-border-radius-bottom-left:0px;\" ><div class=\"fusion-builder-row fusion-row fusion-flex-align-items-flex-start\" style=\"max-width:1248px;margin-left: calc(-4% \/ 2 );margin-right: calc(-4% \/ 2 );\"><div class=\"fusion-layout-column fusion_builder_column fusion-builder-column-15 fusion_builder_column_1_1 1_1 fusion-flex-column\" style=\"--awb-bg-blend:overlay;--awb-bg-size:cover;--awb-width-large:100%;--awb-spacing-right-large:1.92%;--awb-spacing-left-large:1.92%;--awb-width-medium:100%;--awb-spacing-right-medium:1.92%;--awb-spacing-left-medium:1.92%;--awb-width-small:100%;--awb-spacing-right-small:1.92%;--awb-spacing-left-small:1.92%;\"><div class=\"fusion-column-wrapper fusion-flex-justify-content-flex-start fusion-content-layout-column\"><div class=\"fusion-title title fusion-title-8 fusion-sep-none fusion-title-text fusion-title-size-three\"><h3 class=\"title-heading-left\" style=\"margin:0;\"><strong>Mitchell Ponseti og C-pro \u2013 markedsledende produktsortiment ved PEVA<\/strong><\/h3><\/div><\/div><\/div><\/div><\/div><div class=\"fusion-fullwidth fullwidth-box fusion-builder-row-17 fusion-flex-container nonhundred-percent-fullwidth non-hundred-percent-height-scrolling\" style=\"--awb-border-radius-top-left:0px;--awb-border-radius-top-right:0px;--awb-border-radius-bottom-right:0px;--awb-border-radius-bottom-left:0px;\" ><div class=\"fusion-builder-row fusion-row fusion-flex-align-items-flex-start\" style=\"max-width:1248px;margin-left: calc(-4% \/ 2 );margin-right: calc(-4% \/ 2 );\"><div class=\"fusion-layout-column fusion_builder_column fusion-builder-column-16 fusion_builder_column_2_3 2_3 fusion-flex-column\" style=\"--awb-bg-blend:overlay;--awb-bg-size:cover;--awb-width-large:66.666666666667%;--awb-spacing-right-large:2.88%;--awb-spacing-left-large:2.88%;--awb-width-medium:100%;--awb-spacing-right-medium:1.92%;--awb-spacing-left-medium:1.92%;--awb-width-small:100%;--awb-spacing-right-small:1.92%;--awb-spacing-left-small:1.92%;\"><div class=\"fusion-column-wrapper fusion-flex-justify-content-flex-start fusion-content-layout-column\"><div class=\"fusion-text fusion-text-9\"><p>Mitchell Ponseti-sortimentet er udviklet i samarbejde mellem kirurgen DR. IGNACIO VIVES PONSETI, som udformede Ponseti-metoden, det f\u00f8rende behandlingskoncept ved PEVA, og John Mitchell. En central del af sortimentet er Ponseti\u00ae AFO, en specialudviklet fodortose, der bruges sammen med Ponseti&#8217;s skinne, den s\u00e5kaldte Abduction Bar. Ortosen holder foden i den position, der kr\u00e6ves efter korrektionen, mens skinnen holder f\u00f8dderne i korrekt abduktion. Sortimentet omfatter ogs\u00e5 forskellige modeller, st\u00f8rrelser og tilbeh\u00f8r, der g\u00f8r det muligt at tilpasse l\u00f8sningen efter barnets individuelle behov og behandlingsfase.<\/p>\n<p>C-Pro er et sortiment af ortoser og tilbeh\u00f8r, der er specielt udviklet til b\u00f8rn med PEVA og andre p\u00e6diatriske fodproblemer. C-Pro har arbejdet med behandling af klumpfod i over 20 \u00e5r og har udviklet et omfattende sortiment af ortoser til forskellige behandlingssituationer. En central del af sortimentet er C-Pro ADM, et modul\u00e6rt system, der kombinerer ortose og skinne, og som kan konfigureres efter barnets individuelle behov. ADM st\u00e5r for Abduction Dorsiflexion Mechanism og er udviklet til at holde den korrigerede fod i abduktion og dorsalfleksion efter korrektion af klumpfoden.<\/p>\n<\/div><\/div><\/div><div class=\"fusion-layout-column fusion_builder_column fusion-builder-column-17 fusion_builder_column_1_3 1_3 fusion-flex-column\" style=\"--awb-bg-blend:overlay;--awb-bg-size:cover;--awb-width-large:33.333333333333%;--awb-spacing-right-large:5.76%;--awb-spacing-left-large:5.76%;--awb-width-medium:100%;--awb-spacing-right-medium:1.92%;--awb-spacing-left-medium:1.92%;--awb-width-small:100%;--awb-spacing-right-small:1.92%;--awb-spacing-left-small:1.92%;\"><div class=\"fusion-column-wrapper fusion-flex-justify-content-flex-start fusion-content-layout-column\"><div class=\"fusion-image-element \"><span class=\" fusion-imageframe imageframe-none imageframe-1 hover-type-none\"><img decoding=\"async\" width=\"300\" height=\"226\" title=\"Ponseti_artikel_PEVA\" src=\"data:image\/svg+xml,%3Csvg%20xmlns%3D%27http%3A%2F%2Fwww.w3.org%2F2000%2Fsvg%27%20width%3D%27800%27%20height%3D%27602%27%20viewBox%3D%270%200%20800%20602%27%3E%3Crect%20width%3D%27800%27%20height%3D%27602%27%20fill-opacity%3D%220%22%2F%3E%3C%2Fsvg%3E\" data-orig-src=\"https:\/\/embreis.com\/se\/wp-content\/uploads\/sites\/6\/2026\/08\/Ponseti_artikel_PEVA-300x226.png\" alt class=\"lazyload img-responsive wp-image-13421\"\/><\/span><\/div><\/div><\/div><\/div><\/div><div class=\"fusion-fullwidth fullwidth-box fusion-builder-row-18 fusion-flex-container nonhundred-percent-fullwidth non-hundred-percent-height-scrolling\" style=\"--awb-border-radius-top-left:0px;--awb-border-radius-top-right:0px;--awb-border-radius-bottom-right:0px;--awb-border-radius-bottom-left:0px;\" ><div class=\"fusion-builder-row fusion-row fusion-flex-align-items-flex-start\" style=\"max-width:1248px;margin-left: calc(-4% \/ 2 );margin-right: calc(-4% \/ 2 );\"><div class=\"fusion-layout-column fusion_builder_column fusion-builder-column-18 fusion_builder_column_1_1 1_1 fusion-flex-column\" style=\"--awb-bg-blend:overlay;--awb-bg-size:cover;--awb-width-large:100%;--awb-spacing-right-large:1.92%;--awb-spacing-left-large:1.92%;--awb-width-medium:100%;--awb-spacing-right-medium:1.92%;--awb-spacing-left-medium:1.92%;--awb-width-small:100%;--awb-spacing-right-small:1.92%;--awb-spacing-left-small:1.92%;\"><div class=\"fusion-column-wrapper fusion-flex-justify-content-flex-start fusion-content-layout-column\"><div class=\"fusion-title title fusion-title-9 fusion-sep-none fusion-title-text fusion-title-size-three\"><h3 class=\"title-heading-left\" style=\"margin:0;\"><strong>Nyhed: C-Pro, det fleksible ortosesystem<\/strong><\/h3><\/div><\/div><\/div><\/div><\/div><div class=\"fusion-fullwidth fullwidth-box fusion-builder-row-19 fusion-flex-container nonhundred-percent-fullwidth non-hundred-percent-height-scrolling\" style=\"--awb-border-radius-top-left:0px;--awb-border-radius-top-right:0px;--awb-border-radius-bottom-right:0px;--awb-border-radius-bottom-left:0px;\" ><div class=\"fusion-builder-row fusion-row fusion-flex-align-items-flex-start\" style=\"max-width:1248px;margin-left: calc(-4% \/ 2 );margin-right: calc(-4% \/ 2 );\"><div class=\"fusion-layout-column fusion_builder_column fusion-builder-column-19 fusion_builder_column_1_3 1_3 fusion-flex-column\" style=\"--awb-bg-blend:overlay;--awb-bg-size:cover;--awb-width-large:33.333333333333%;--awb-spacing-right-large:5.76%;--awb-spacing-left-large:5.76%;--awb-width-medium:100%;--awb-spacing-right-medium:1.92%;--awb-spacing-left-medium:1.92%;--awb-width-small:100%;--awb-spacing-right-small:1.92%;--awb-spacing-left-small:1.92%;\"><div class=\"fusion-column-wrapper fusion-flex-justify-content-flex-start fusion-content-layout-column\"><div class=\"fusion-image-element \"><span class=\" fusion-imageframe imageframe-none imageframe-2 hover-type-none\"><img decoding=\"async\" width=\"300\" height=\"300\" title=\"C-Pro_AFO-skena_4\" src=\"data:image\/svg+xml,%3Csvg%20xmlns%3D%27http%3A%2F%2Fwww.w3.org%2F2000%2Fsvg%27%20width%3D%27800%27%20height%3D%27800%27%20viewBox%3D%270%200%20800%20800%27%3E%3Crect%20width%3D%27800%27%20height%3D%27800%27%20fill-opacity%3D%220%22%2F%3E%3C%2Fsvg%3E\" data-orig-src=\"https:\/\/embreis.com\/se\/wp-content\/uploads\/sites\/6\/2026\/08\/C-Pro_AFO-skena_4-300x300.png\" alt class=\"lazyload img-responsive wp-image-13422\"\/><\/span><\/div><\/div><\/div><div class=\"fusion-layout-column fusion_builder_column fusion-builder-column-20 fusion_builder_column_2_3 2_3 fusion-flex-column\" style=\"--awb-bg-blend:overlay;--awb-bg-size:cover;--awb-width-large:66.666666666667%;--awb-spacing-right-large:2.88%;--awb-spacing-left-large:2.88%;--awb-width-medium:100%;--awb-spacing-right-medium:1.92%;--awb-spacing-left-medium:1.92%;--awb-width-small:100%;--awb-spacing-right-small:1.92%;--awb-spacing-left-small:1.92%;\"><div class=\"fusion-column-wrapper fusion-flex-justify-content-flex-start fusion-content-layout-column\"><div class=\"fusion-text fusion-text-10\"><p>C-Pro-systemet er modul\u00e6rt, hvilket betyder, at forskellige komponenter kan kombineres afh\u00e6ngigt af barnets situation. Systemet omfatter blandt andet:<\/p>\n<ul>\n<li>ADM-ortoser<\/li>\n<li>skinner med forskellige funktioner<\/li>\n<li>natortoser<\/li>\n<li>l\u00f8sninger til unilateral og bilateral PEVA<\/li>\n<li>tilbeh\u00f8r, der g\u00f8r brugen lettere<\/li>\n<li>produkter til forskellige behandlings- og v\u00e6kstfaser<\/li>\n<\/ul>\n<p>C-Pro tilbyder ogs\u00e5 forskellige fjederkonfigurationer i ADM-systemet, hvilket g\u00f8r det muligt for behandleren at tilpasse systemet efter barnets behov. For\u00e6lderen beh\u00f8ver alts\u00e5 ikke selv afg\u00f8re, hvilken kombination der er den rigtige. Det er behandleren, der vurderer, afpr\u00f8ver og tilpasser ortosen til barnet.<\/p>\n<\/div><\/div><\/div><\/div><\/div><div class=\"fusion-fullwidth fullwidth-box fusion-builder-row-20 fusion-flex-container nonhundred-percent-fullwidth non-hundred-percent-height-scrolling\" style=\"--awb-border-radius-top-left:0px;--awb-border-radius-top-right:0px;--awb-border-radius-bottom-right:0px;--awb-border-radius-bottom-left:0px;\" ><div class=\"fusion-builder-row fusion-row fusion-flex-align-items-flex-start\" style=\"max-width:1248px;margin-left: calc(-4% \/ 2 );margin-right: calc(-4% \/ 2 );\"><div class=\"fusion-layout-column fusion_builder_column fusion-builder-column-21 fusion_builder_column_1_1 1_1 fusion-flex-column\" style=\"--awb-bg-blend:overlay;--awb-bg-size:cover;--awb-width-large:100%;--awb-spacing-right-large:1.92%;--awb-spacing-left-large:1.92%;--awb-width-medium:100%;--awb-spacing-right-medium:1.92%;--awb-spacing-left-medium:1.92%;--awb-width-small:100%;--awb-spacing-right-small:1.92%;--awb-spacing-left-small:1.92%;\"><div class=\"fusion-column-wrapper fusion-flex-justify-content-flex-start fusion-content-layout-column\"><div class=\"fusion-title title fusion-title-10 fusion-sep-none fusion-title-text fusion-title-size-three\"><h3 class=\"title-heading-left\" style=\"margin:0;\"><strong>C-Pro eller Ponseti \u2013 hvad er forskellen?<\/strong><\/h3><\/div><\/div><\/div><\/div><\/div><div class=\"fusion-fullwidth fullwidth-box fusion-builder-row-21 fusion-flex-container nonhundred-percent-fullwidth non-hundred-percent-height-scrolling\" style=\"--awb-border-radius-top-left:0px;--awb-border-radius-top-right:0px;--awb-border-radius-bottom-right:0px;--awb-border-radius-bottom-left:0px;\" ><div class=\"fusion-builder-row fusion-row fusion-flex-align-items-flex-start\" style=\"max-width:1248px;margin-left: calc(-4% \/ 2 );margin-right: calc(-4% \/ 2 );\"><div class=\"fusion-layout-column fusion_builder_column fusion-builder-column-22 fusion_builder_column_1_1 1_1 fusion-flex-column\" style=\"--awb-bg-blend:overlay;--awb-bg-size:cover;--awb-width-large:100%;--awb-spacing-right-large:1.92%;--awb-spacing-left-large:1.92%;--awb-width-medium:100%;--awb-spacing-right-medium:1.92%;--awb-spacing-left-medium:1.92%;--awb-width-small:100%;--awb-spacing-right-small:1.92%;--awb-spacing-left-small:1.92%;\"><div class=\"fusion-column-wrapper fusion-flex-justify-content-flex-start fusion-content-layout-column\"><div class=\"fusion-text fusion-text-11\"><p>Det er vigtigt at skelne mellem Ponseti-metoden og de ortoser, der bruges, efter at foden er blevet korrigeret. Ponseti-metoden er en etableret behandlingsmetode for PEVA og indeb\u00e6rer, at foden gradvist korrigeres gennem manipulation og gipsning, med eventuel h\u00e6lsenetenotomi n\u00e5r det er n\u00f8dvendigt. N\u00e5r foden er korrigeret, begynder den vigtige ortosefase. Her bruges en fodabduktionsortose til at hj\u00e6lpe med at bevare fodens korrigerede position og mindske risikoen for, at fejlstillingen vender tilbage.<\/p>\n<p>Der findes forskellige ortosel\u00f8sninger til denne del af behandlingen. B\u00e5de C-Pro og Ponseti tilbyder sortimenter af sko, ortoser og skinner, der kan bruges efter korrektionen. Hvilken l\u00f8sning der er egnet, afh\u00e6nger blandt andet af barnets individuelle behov, behandlingsfase og behandlerens vurdering. Med andre ord: Ponseti-metoden korrigerer foden, mens ortoser fra C-Pro eller Ponseti hj\u00e6lper med at bevare korrektionen. Det er barnets behandlende sundhedsteam, der vurderer, hvilken ortosel\u00f8sning der passer bedst.<\/p>\n<\/div><\/div><\/div><\/div><\/div><div class=\"fusion-fullwidth fullwidth-box fusion-builder-row-22 fusion-flex-container nonhundred-percent-fullwidth non-hundred-percent-height-scrolling\" style=\"--awb-border-radius-top-left:0px;--awb-border-radius-top-right:0px;--awb-border-radius-bottom-right:0px;--awb-border-radius-bottom-left:0px;\" ><div class=\"fusion-builder-row fusion-row fusion-flex-align-items-flex-start\" style=\"max-width:1248px;margin-left: calc(-4% \/ 2 );margin-right: calc(-4% \/ 2 );\"><div class=\"fusion-layout-column fusion_builder_column fusion-builder-column-23 fusion_builder_column_1_1 1_1 fusion-flex-column\" style=\"--awb-bg-blend:overlay;--awb-bg-size:cover;--awb-width-large:100%;--awb-spacing-right-large:1.92%;--awb-spacing-left-large:1.92%;--awb-width-medium:100%;--awb-spacing-right-medium:1.92%;--awb-spacing-left-medium:1.92%;--awb-width-small:100%;--awb-spacing-right-small:1.92%;--awb-spacing-left-small:1.92%;\"><div class=\"fusion-column-wrapper fusion-flex-justify-content-flex-start fusion-content-layout-column\"><div class=\"fusion-title title fusion-title-11 fusion-sep-none fusion-title-text fusion-title-size-three\"><h3 class=\"title-heading-left\" style=\"margin:0;\"><strong>Hvordan f\u00e5r mit barn en C-Pro- eller Ponseti-ortose?<\/strong><\/h3><\/div><\/div><\/div><\/div><\/div><div class=\"fusion-fullwidth fullwidth-box fusion-builder-row-23 fusion-flex-container nonhundred-percent-fullwidth non-hundred-percent-height-scrolling\" style=\"--awb-border-radius-top-left:0px;--awb-border-radius-top-right:0px;--awb-border-radius-bottom-right:0px;--awb-border-radius-bottom-left:0px;\" ><div class=\"fusion-builder-row fusion-row fusion-flex-align-items-flex-start\" style=\"max-width:1248px;margin-left: calc(-4% \/ 2 );margin-right: calc(-4% \/ 2 );\"><div class=\"fusion-layout-column fusion_builder_column fusion-builder-column-24 fusion_builder_column_1_1 1_1 fusion-flex-column\" style=\"--awb-bg-blend:overlay;--awb-bg-size:cover;--awb-width-large:100%;--awb-spacing-right-large:1.92%;--awb-spacing-left-large:1.92%;--awb-width-medium:100%;--awb-spacing-right-medium:1.92%;--awb-spacing-left-medium:1.92%;--awb-width-small:100%;--awb-spacing-right-small:1.92%;--awb-spacing-left-small:1.92%;\"><div class=\"fusion-column-wrapper fusion-flex-justify-content-flex-start fusion-content-layout-column\"><div class=\"fusion-text fusion-text-12\"><p>Hvis dit barn har f\u00e5et diagnosen PEVA, er det barnets behandlende ortop\u00e6dkirurg og bandagistteam, der er ansvarlige for behandlingen og vurderer, hvilken ortose der er egnet. Hvis behandleren vurderer, at en Ponseti- eller C-Pro-l\u00f8sning passer til dit barn, kan ortosen afpr\u00f8ves og tilpasses barnets behov. Som for\u00e6lder beh\u00f8ver du alts\u00e5 normalt ikke selv k\u00f8be eller v\u00e6lge den rigtige ortose. Hvis du har f\u00e5et information om Ponseti eller C-Pro fra sundhedspersonalet og gerne vil vide mere, kan du ogs\u00e5 kontakte Embreis.<\/p>\n<p><em>Vi kan hj\u00e6lpe dig med information om produkterne og guide dig til den rette kontakt i sundhedsv\u00e6senet.<\/em><\/p>\n<\/div><\/div><\/div><\/div><\/div><div class=\"fusion-fullwidth fullwidth-box fusion-builder-row-24 fusion-flex-container nonhundred-percent-fullwidth non-hundred-percent-height-scrolling\" style=\"--awb-border-radius-top-left:0px;--awb-border-radius-top-right:0px;--awb-border-radius-bottom-right:0px;--awb-border-radius-bottom-left:0px;\" ><div class=\"fusion-builder-row fusion-row fusion-flex-align-items-flex-start\" style=\"max-width:1248px;margin-left: calc(-4% \/ 2 );margin-right: calc(-4% \/ 2 );\"><div class=\"fusion-layout-column fusion_builder_column fusion-builder-column-25 fusion_builder_column_1_1 1_1 fusion-flex-column\" style=\"--awb-bg-blend:overlay;--awb-bg-size:cover;--awb-width-large:100%;--awb-spacing-right-large:1.92%;--awb-spacing-left-large:1.92%;--awb-width-medium:100%;--awb-spacing-right-medium:1.92%;--awb-spacing-left-medium:1.92%;--awb-width-small:100%;--awb-spacing-right-small:1.92%;--awb-spacing-left-small:1.92%;\"><div class=\"fusion-column-wrapper fusion-flex-justify-content-flex-start fusion-content-layout-column\"><div class=\"fusion-title title fusion-title-12 fusion-sep-none fusion-title-text fusion-title-size-three\"><h3 class=\"title-heading-left\" style=\"margin:0;\"><strong>Det vigtigste at huske<\/strong><\/h3><\/div><\/div><\/div><\/div><\/div><div class=\"fusion-fullwidth fullwidth-box fusion-builder-row-25 fusion-flex-container nonhundred-percent-fullwidth non-hundred-percent-height-scrolling\" style=\"--awb-border-radius-top-left:0px;--awb-border-radius-top-right:0px;--awb-border-radius-bottom-right:0px;--awb-border-radius-bottom-left:0px;\" ><div class=\"fusion-builder-row fusion-row fusion-flex-align-items-flex-start\" style=\"max-width:1248px;margin-left: calc(-4% \/ 2 );margin-right: calc(-4% \/ 2 );\"><div class=\"fusion-layout-column fusion_builder_column fusion-builder-column-26 fusion_builder_column_1_1 1_1 fusion-flex-column\" style=\"--awb-bg-blend:overlay;--awb-bg-size:cover;--awb-width-large:100%;--awb-spacing-right-large:1.92%;--awb-spacing-left-large:1.92%;--awb-width-medium:100%;--awb-spacing-right-medium:1.92%;--awb-spacing-left-medium:1.92%;--awb-width-small:100%;--awb-spacing-right-small:1.92%;--awb-spacing-left-small:1.92%;\"><div class=\"fusion-column-wrapper fusion-flex-justify-content-flex-start fusion-content-layout-column\"><div class=\"fusion-text fusion-text-13\"><p>At f\u00e5 diagnosen PEVA kan f\u00f8les overv\u00e6ldende \u2013 is\u00e6r n\u00e5r det handler om ens nyf\u00f8dte barn. Men PEVA er en velkendt og behandlelig tilstand. Med moderne behandling er prognosen god, og de fleste b\u00f8rn, der behandles med godt resultat, kan leve et aktivt liv med velfungerende f\u00f8dder. Behandlingen er dog en proces, der str\u00e6kker sig over flere \u00e5r.<\/p>\n<p><strong>Gipsbehandlingen korrigerer foden. <\/strong><strong>Ortosebehandlingen hj\u00e6lper med at bevare korrektionen.<\/strong><\/p>\n<p>Og behandlingsteamet hj\u00e6lper dig som for\u00e6lder gennem hele forl\u00f8bet.<\/p>\n<\/div><\/div><\/div><\/div><\/div><div class=\"fusion-fullwidth fullwidth-box fusion-builder-row-26 fusion-flex-container nonhundred-percent-fullwidth non-hundred-percent-height-scrolling\" style=\"--awb-border-radius-top-left:0px;--awb-border-radius-top-right:0px;--awb-border-radius-bottom-right:0px;--awb-border-radius-bottom-left:0px;\" ><div class=\"fusion-builder-row fusion-row fusion-flex-align-items-flex-start\" style=\"max-width:1248px;margin-left: calc(-4% \/ 2 );margin-right: calc(-4% \/ 2 );\"><div class=\"fusion-layout-column fusion_builder_column fusion-builder-column-27 fusion_builder_column_1_1 1_1 fusion-flex-column\" style=\"--awb-bg-blend:overlay;--awb-bg-size:cover;--awb-width-large:100%;--awb-spacing-right-large:1.92%;--awb-spacing-left-large:1.92%;--awb-width-medium:100%;--awb-spacing-right-medium:1.92%;--awb-spacing-left-medium:1.92%;--awb-width-small:100%;--awb-spacing-right-small:1.92%;--awb-spacing-left-small:1.92%;\"><div class=\"fusion-column-wrapper fusion-flex-justify-content-flex-start fusion-content-layout-column\"><div class=\"fusion-title title fusion-title-13 fusion-sep-none fusion-title-text fusion-title-size-three\"><h3 class=\"title-heading-left\" style=\"margin:0;\"><strong>Vil du vide mere om Ponseti og C-Pro?<\/strong><\/h3><\/div><\/div><\/div><\/div><\/div><div class=\"fusion-fullwidth fullwidth-box fusion-builder-row-27 fusion-flex-container nonhundred-percent-fullwidth non-hundred-percent-height-scrolling\" style=\"--awb-border-radius-top-left:0px;--awb-border-radius-top-right:0px;--awb-border-radius-bottom-right:0px;--awb-border-radius-bottom-left:0px;\" ><div class=\"fusion-builder-row fusion-row fusion-flex-align-items-flex-start\" style=\"max-width:1248px;margin-left: calc(-4% \/ 2 );margin-right: calc(-4% \/ 2 );\"><div class=\"fusion-layout-column fusion_builder_column fusion-builder-column-28 fusion_builder_column_1_1 1_1 fusion-flex-column\" style=\"--awb-bg-blend:overlay;--awb-bg-size:cover;--awb-width-large:100%;--awb-spacing-right-large:1.92%;--awb-spacing-left-large:1.92%;--awb-width-medium:100%;--awb-spacing-right-medium:1.92%;--awb-spacing-left-medium:1.92%;--awb-width-small:100%;--awb-spacing-right-small:1.92%;--awb-spacing-left-small:1.92%;\"><div class=\"fusion-column-wrapper fusion-flex-justify-content-flex-start fusion-content-layout-column\"><div class=\"fusion-text fusion-text-14\"><p>Embreis har i mange \u00e5r v\u00e6ret distribut\u00f8r af Ponseti-sortimentet p\u00e5 det nordiske marked. Siden 2026 er vi desuden distribut\u00f8r af C-Pro.<\/p>\n<\/div><\/div><\/div><\/div><\/div><div class=\"fusion-fullwidth fullwidth-box fusion-builder-row-28 fusion-flex-container nonhundred-percent-fullwidth non-hundred-percent-height-scrolling\" style=\"--awb-border-radius-top-left:0px;--awb-border-radius-top-right:0px;--awb-border-radius-bottom-right:0px;--awb-border-radius-bottom-left:0px;\" ><div class=\"fusion-builder-row fusion-row fusion-flex-align-items-flex-start\" style=\"max-width:1248px;margin-left: calc(-4% \/ 2 );margin-right: calc(-4% \/ 2 );\"><div class=\"fusion-layout-column fusion_builder_column fusion-builder-column-29 fusion_builder_column_1_1 1_1 fusion-flex-column\" style=\"--awb-bg-blend:overlay;--awb-bg-size:cover;--awb-width-large:100%;--awb-spacing-right-large:1.92%;--awb-spacing-left-large:1.92%;--awb-width-medium:100%;--awb-spacing-right-medium:1.92%;--awb-spacing-left-medium:1.92%;--awb-width-small:100%;--awb-spacing-right-small:1.92%;--awb-spacing-left-small:1.92%;\"><div class=\"fusion-column-wrapper fusion-flex-justify-content-flex-start fusion-content-layout-column\"><div style=\"text-align:left;\"><a class=\"fusion-button button-flat fusion-button-default-size button-default fusion-button-default button-1 fusion-button-default-span fusion-button-default-type\" target=\"_self\" href=\"https:\/\/embreis.com\/dk\/produktkategori\/ortos\/fot\/peva-klumpfot\/\"><span class=\"fusion-button-text\">L\u00e6s mere om C-Pro og vores PEVA-ortoser \u2192<\/span><\/a><\/div><\/div><\/div><\/div><\/div><div class=\"fusion-fullwidth fullwidth-box fusion-builder-row-29 fusion-flex-container nonhundred-percent-fullwidth non-hundred-percent-height-scrolling\" style=\"--awb-border-radius-top-left:0px;--awb-border-radius-top-right:0px;--awb-border-radius-bottom-right:0px;--awb-border-radius-bottom-left:0px;\" ><div class=\"fusion-builder-row fusion-row fusion-flex-align-items-flex-start\" style=\"max-width:1248px;margin-left: calc(-4% \/ 2 );margin-right: calc(-4% \/ 2 );\"><div class=\"fusion-layout-column fusion_builder_column fusion-builder-column-30 fusion_builder_column_1_1 1_1 fusion-flex-column\" style=\"--awb-bg-blend:overlay;--awb-bg-size:cover;--awb-width-large:100%;--awb-spacing-right-large:1.92%;--awb-spacing-left-large:1.92%;--awb-width-medium:100%;--awb-spacing-right-medium:1.92%;--awb-spacing-left-medium:1.92%;--awb-width-small:100%;--awb-spacing-right-small:1.92%;--awb-spacing-left-small:1.92%;\"><div class=\"fusion-column-wrapper fusion-flex-justify-content-flex-start fusion-content-layout-column\"><div class=\"fusion-text fusion-text-15\"><p>Er du for\u00e6lder og har sp\u00f8rgsm\u00e5l om vores produkter til behandling af PEVA? Kontakt os, s\u00e5 hj\u00e6lper vi dig videre.<\/p>\n<\/div><\/div><\/div><\/div><\/div><\/p>\n","protected":false},"excerpt":{"rendered":"","protected":false},"author":16,"featured_media":13420,"comment_status":"open","ping_status":"open","sticky":false,"template":"","format":"standard","meta":{"footnotes":""},"categories":[1],"tags":[],"class_list":["post-13423","post","type-post","status-publish","format-standard","has-post-thumbnail","hentry","category-nyheter"],"acf":[],"yoast_head":"<!-- This site is optimized with the Yoast SEO Premium plugin v27.3 (Yoast SEO v27.3) - https:\/\/yoast.com\/product\/yoast-seo-premium-wordpress\/ -->\n<title>PEVA og klumpfod \u2013 behandling, ortose og hvad du som for\u00e6lder b\u00f8r vide<\/title>\n<meta name=\"description\" content=\"Har dit barn f\u00e5et diagnosen PEVA, ogs\u00e5 kaldet klumpfod? L\u00e6s om hvad PEVA indeb\u00e6rer, hvordan Ponseti-metoden fungerer, og hvorfor ortosebehandling er vigtig.\" \/>\n<meta name=\"robots\" content=\"index, follow, max-snippet:-1, max-image-preview:large, max-video-preview:-1\" \/>\n<link rel=\"canonical\" href=\"https:\/\/embreis.com\/dk\/peva-nar-dit-barn-fodes-med-klumpfod\/\" \/>\n<meta property=\"og:locale\" content=\"sv_SE\" \/>\n<meta property=\"og:type\" content=\"article\" \/>\n<meta property=\"og:title\" content=\"PEVA \u2013 n\u00e5r dit barn f\u00f8des med klumpfod\" \/>\n<meta property=\"og:description\" content=\"Har dit barn f\u00e5et diagnosen PEVA, ogs\u00e5 kaldet klumpfod? L\u00e6s om hvad PEVA indeb\u00e6rer, hvordan Ponseti-metoden fungerer, og hvorfor ortosebehandling er vigtig.\" \/>\n<meta property=\"og:url\" content=\"https:\/\/embreis.com\/dk\/peva-nar-dit-barn-fodes-med-klumpfod\/\" \/>\n<meta property=\"og:site_name\" content=\"Embreis DK\" \/>\n<meta property=\"article:published_time\" content=\"2026-09-01T14:23:51+00:00\" \/>\n<meta property=\"og:image\" content=\"https:\/\/embreis.com\/dk\/wp-content\/uploads\/sites\/8\/2026\/09\/Artikel_PEVA_huvudbild.png\" \/>\n\t<meta property=\"og:image:width\" content=\"1000\" \/>\n\t<meta property=\"og:image:height\" content=\"848\" \/>\n\t<meta property=\"og:image:type\" content=\"image\/png\" \/>\n<meta name=\"author\" content=\"johnnyragnarsson\" \/>\n<meta name=\"twitter:card\" content=\"summary_large_image\" \/>\n<meta name=\"twitter:label1\" content=\"Skriven av\" \/>\n\t<meta name=\"twitter:data1\" content=\"johnnyragnarsson\" \/>\n\t<meta name=\"twitter:label2\" content=\"Ber\u00e4knad l\u00e4stid\" \/>\n\t<meta name=\"twitter:data2\" content=\"37 minuter\" \/>\n<script type=\"application\/ld+json\" class=\"yoast-schema-graph\">{\"@context\":\"https:\\\/\\\/schema.org\",\"@graph\":[{\"@type\":\"Article\",\"@id\":\"https:\\\/\\\/embreis.com\\\/dk\\\/peva-nar-dit-barn-fodes-med-klumpfod\\\/#article\",\"isPartOf\":{\"@id\":\"https:\\\/\\\/embreis.com\\\/dk\\\/peva-nar-dit-barn-fodes-med-klumpfod\\\/\"},\"author\":{\"name\":\"johnnyragnarsson\",\"@id\":\"https:\\\/\\\/embreis.com\\\/dk\\\/#\\\/schema\\\/person\\\/9f75f298897f79d8d960489fec1dddd5\"},\"headline\":\"PEVA \u2013 n\u00e5r dit barn f\u00f8des med klumpfod\",\"datePublished\":\"2026-09-01T14:23:51+00:00\",\"mainEntityOfPage\":{\"@id\":\"https:\\\/\\\/embreis.com\\\/dk\\\/peva-nar-dit-barn-fodes-med-klumpfod\\\/\"},\"wordCount\":7448,\"commentCount\":0,\"image\":{\"@id\":\"https:\\\/\\\/embreis.com\\\/dk\\\/peva-nar-dit-barn-fodes-med-klumpfod\\\/#primaryimage\"},\"thumbnailUrl\":\"https:\\\/\\\/embreis.com\\\/dk\\\/wp-content\\\/uploads\\\/sites\\\/8\\\/2026\\\/09\\\/Artikel_PEVA_huvudbild.png\",\"articleSection\":[\"Nyheter\"],\"inLanguage\":\"sv-SE\",\"potentialAction\":[{\"@type\":\"CommentAction\",\"name\":\"Comment\",\"target\":[\"https:\\\/\\\/embreis.com\\\/dk\\\/peva-nar-dit-barn-fodes-med-klumpfod\\\/#respond\"]}]},{\"@type\":\"WebPage\",\"@id\":\"https:\\\/\\\/embreis.com\\\/dk\\\/peva-nar-dit-barn-fodes-med-klumpfod\\\/\",\"url\":\"https:\\\/\\\/embreis.com\\\/dk\\\/peva-nar-dit-barn-fodes-med-klumpfod\\\/\",\"name\":\"PEVA og klumpfod \u2013 behandling, ortose og hvad du som for\u00e6lder b\u00f8r vide\",\"isPartOf\":{\"@id\":\"https:\\\/\\\/embreis.com\\\/dk\\\/#website\"},\"primaryImageOfPage\":{\"@id\":\"https:\\\/\\\/embreis.com\\\/dk\\\/peva-nar-dit-barn-fodes-med-klumpfod\\\/#primaryimage\"},\"image\":{\"@id\":\"https:\\\/\\\/embreis.com\\\/dk\\\/peva-nar-dit-barn-fodes-med-klumpfod\\\/#primaryimage\"},\"thumbnailUrl\":\"https:\\\/\\\/embreis.com\\\/dk\\\/wp-content\\\/uploads\\\/sites\\\/8\\\/2026\\\/09\\\/Artikel_PEVA_huvudbild.png\",\"datePublished\":\"2026-09-01T14:23:51+00:00\",\"author\":{\"@id\":\"https:\\\/\\\/embreis.com\\\/dk\\\/#\\\/schema\\\/person\\\/9f75f298897f79d8d960489fec1dddd5\"},\"description\":\"Har dit barn f\u00e5et diagnosen PEVA, ogs\u00e5 kaldet klumpfod? L\u00e6s om hvad PEVA indeb\u00e6rer, hvordan Ponseti-metoden fungerer, og hvorfor ortosebehandling er vigtig.\",\"breadcrumb\":{\"@id\":\"https:\\\/\\\/embreis.com\\\/dk\\\/peva-nar-dit-barn-fodes-med-klumpfod\\\/#breadcrumb\"},\"inLanguage\":\"sv-SE\",\"potentialAction\":[{\"@type\":\"ReadAction\",\"target\":[\"https:\\\/\\\/embreis.com\\\/dk\\\/peva-nar-dit-barn-fodes-med-klumpfod\\\/\"]}]},{\"@type\":\"ImageObject\",\"inLanguage\":\"sv-SE\",\"@id\":\"https:\\\/\\\/embreis.com\\\/dk\\\/peva-nar-dit-barn-fodes-med-klumpfod\\\/#primaryimage\",\"url\":\"https:\\\/\\\/embreis.com\\\/dk\\\/wp-content\\\/uploads\\\/sites\\\/8\\\/2026\\\/09\\\/Artikel_PEVA_huvudbild.png\",\"contentUrl\":\"https:\\\/\\\/embreis.com\\\/dk\\\/wp-content\\\/uploads\\\/sites\\\/8\\\/2026\\\/09\\\/Artikel_PEVA_huvudbild.png\",\"width\":1000,\"height\":848},{\"@type\":\"BreadcrumbList\",\"@id\":\"https:\\\/\\\/embreis.com\\\/dk\\\/peva-nar-dit-barn-fodes-med-klumpfod\\\/#breadcrumb\",\"itemListElement\":[{\"@type\":\"ListItem\",\"position\":1,\"name\":\"Hem\",\"item\":\"https:\\\/\\\/embreis.com\\\/dk\\\/\"},{\"@type\":\"ListItem\",\"position\":2,\"name\":\"PEVA \u2013 n\u00e5r dit barn f\u00f8des med klumpfod\"}]},{\"@type\":\"WebSite\",\"@id\":\"https:\\\/\\\/embreis.com\\\/dk\\\/#website\",\"url\":\"https:\\\/\\\/embreis.com\\\/dk\\\/\",\"name\":\"Embreis DK\",\"description\":\"Ortoser, proteser och material\",\"potentialAction\":[{\"@type\":\"SearchAction\",\"target\":{\"@type\":\"EntryPoint\",\"urlTemplate\":\"https:\\\/\\\/embreis.com\\\/dk\\\/?s={search_term_string}\"},\"query-input\":{\"@type\":\"PropertyValueSpecification\",\"valueRequired\":true,\"valueName\":\"search_term_string\"}}],\"inLanguage\":\"sv-SE\"},{\"@type\":\"Person\",\"@id\":\"https:\\\/\\\/embreis.com\\\/dk\\\/#\\\/schema\\\/person\\\/9f75f298897f79d8d960489fec1dddd5\",\"name\":\"johnnyragnarsson\",\"image\":{\"@type\":\"ImageObject\",\"inLanguage\":\"sv-SE\",\"@id\":\"https:\\\/\\\/secure.gravatar.com\\\/avatar\\\/1ec83aae8f01206dfada4bf4a749e6ee50613e3e29de80160b0821bc76930cfd?s=96&d=mm&r=g\",\"url\":\"https:\\\/\\\/secure.gravatar.com\\\/avatar\\\/1ec83aae8f01206dfada4bf4a749e6ee50613e3e29de80160b0821bc76930cfd?s=96&d=mm&r=g\",\"contentUrl\":\"https:\\\/\\\/secure.gravatar.com\\\/avatar\\\/1ec83aae8f01206dfada4bf4a749e6ee50613e3e29de80160b0821bc76930cfd?s=96&d=mm&r=g\",\"caption\":\"johnnyragnarsson\"},\"url\":\"https:\\\/\\\/embreis.com\\\/dk\\\/author\\\/johnnyragnarsson\\\/\"}]}<\/script>\n<!-- \/ Yoast SEO Premium plugin. -->","yoast_head_json":{"title":"PEVA og klumpfod \u2013 behandling, ortose og hvad du som for\u00e6lder b\u00f8r vide","description":"Har dit barn f\u00e5et diagnosen PEVA, ogs\u00e5 kaldet klumpfod? L\u00e6s om hvad PEVA indeb\u00e6rer, hvordan Ponseti-metoden fungerer, og hvorfor ortosebehandling er vigtig.","robots":{"index":"index","follow":"follow","max-snippet":"max-snippet:-1","max-image-preview":"max-image-preview:large","max-video-preview":"max-video-preview:-1"},"canonical":"https:\/\/embreis.com\/dk\/peva-nar-dit-barn-fodes-med-klumpfod\/","og_locale":"sv_SE","og_type":"article","og_title":"PEVA \u2013 n\u00e5r dit barn f\u00f8des med klumpfod","og_description":"Har dit barn f\u00e5et diagnosen PEVA, ogs\u00e5 kaldet klumpfod? L\u00e6s om hvad PEVA indeb\u00e6rer, hvordan Ponseti-metoden fungerer, og hvorfor ortosebehandling er vigtig.","og_url":"https:\/\/embreis.com\/dk\/peva-nar-dit-barn-fodes-med-klumpfod\/","og_site_name":"Embreis DK","article_published_time":"2026-09-01T14:23:51+00:00","og_image":[{"width":1000,"height":848,"url":"https:\/\/embreis.com\/dk\/wp-content\/uploads\/sites\/8\/2026\/09\/Artikel_PEVA_huvudbild.png","type":"image\/png"}],"author":"johnnyragnarsson","twitter_card":"summary_large_image","twitter_misc":{"Skriven av":"johnnyragnarsson","Ber\u00e4knad l\u00e4stid":"37 minuter"},"schema":{"@context":"https:\/\/schema.org","@graph":[{"@type":"Article","@id":"https:\/\/embreis.com\/dk\/peva-nar-dit-barn-fodes-med-klumpfod\/#article","isPartOf":{"@id":"https:\/\/embreis.com\/dk\/peva-nar-dit-barn-fodes-med-klumpfod\/"},"author":{"name":"johnnyragnarsson","@id":"https:\/\/embreis.com\/dk\/#\/schema\/person\/9f75f298897f79d8d960489fec1dddd5"},"headline":"PEVA \u2013 n\u00e5r dit barn f\u00f8des med klumpfod","datePublished":"2026-09-01T14:23:51+00:00","mainEntityOfPage":{"@id":"https:\/\/embreis.com\/dk\/peva-nar-dit-barn-fodes-med-klumpfod\/"},"wordCount":7448,"commentCount":0,"image":{"@id":"https:\/\/embreis.com\/dk\/peva-nar-dit-barn-fodes-med-klumpfod\/#primaryimage"},"thumbnailUrl":"https:\/\/embreis.com\/dk\/wp-content\/uploads\/sites\/8\/2026\/09\/Artikel_PEVA_huvudbild.png","articleSection":["Nyheter"],"inLanguage":"sv-SE","potentialAction":[{"@type":"CommentAction","name":"Comment","target":["https:\/\/embreis.com\/dk\/peva-nar-dit-barn-fodes-med-klumpfod\/#respond"]}]},{"@type":"WebPage","@id":"https:\/\/embreis.com\/dk\/peva-nar-dit-barn-fodes-med-klumpfod\/","url":"https:\/\/embreis.com\/dk\/peva-nar-dit-barn-fodes-med-klumpfod\/","name":"PEVA og klumpfod \u2013 behandling, ortose og hvad du som for\u00e6lder b\u00f8r vide","isPartOf":{"@id":"https:\/\/embreis.com\/dk\/#website"},"primaryImageOfPage":{"@id":"https:\/\/embreis.com\/dk\/peva-nar-dit-barn-fodes-med-klumpfod\/#primaryimage"},"image":{"@id":"https:\/\/embreis.com\/dk\/peva-nar-dit-barn-fodes-med-klumpfod\/#primaryimage"},"thumbnailUrl":"https:\/\/embreis.com\/dk\/wp-content\/uploads\/sites\/8\/2026\/09\/Artikel_PEVA_huvudbild.png","datePublished":"2026-09-01T14:23:51+00:00","author":{"@id":"https:\/\/embreis.com\/dk\/#\/schema\/person\/9f75f298897f79d8d960489fec1dddd5"},"description":"Har dit barn f\u00e5et diagnosen PEVA, ogs\u00e5 kaldet klumpfod? L\u00e6s om hvad PEVA indeb\u00e6rer, hvordan Ponseti-metoden fungerer, og hvorfor ortosebehandling er vigtig.","breadcrumb":{"@id":"https:\/\/embreis.com\/dk\/peva-nar-dit-barn-fodes-med-klumpfod\/#breadcrumb"},"inLanguage":"sv-SE","potentialAction":[{"@type":"ReadAction","target":["https:\/\/embreis.com\/dk\/peva-nar-dit-barn-fodes-med-klumpfod\/"]}]},{"@type":"ImageObject","inLanguage":"sv-SE","@id":"https:\/\/embreis.com\/dk\/peva-nar-dit-barn-fodes-med-klumpfod\/#primaryimage","url":"https:\/\/embreis.com\/dk\/wp-content\/uploads\/sites\/8\/2026\/09\/Artikel_PEVA_huvudbild.png","contentUrl":"https:\/\/embreis.com\/dk\/wp-content\/uploads\/sites\/8\/2026\/09\/Artikel_PEVA_huvudbild.png","width":1000,"height":848},{"@type":"BreadcrumbList","@id":"https:\/\/embreis.com\/dk\/peva-nar-dit-barn-fodes-med-klumpfod\/#breadcrumb","itemListElement":[{"@type":"ListItem","position":1,"name":"Hem","item":"https:\/\/embreis.com\/dk\/"},{"@type":"ListItem","position":2,"name":"PEVA \u2013 n\u00e5r dit barn f\u00f8des med klumpfod"}]},{"@type":"WebSite","@id":"https:\/\/embreis.com\/dk\/#website","url":"https:\/\/embreis.com\/dk\/","name":"Embreis DK","description":"Ortoser, proteser och material","potentialAction":[{"@type":"SearchAction","target":{"@type":"EntryPoint","urlTemplate":"https:\/\/embreis.com\/dk\/?s={search_term_string}"},"query-input":{"@type":"PropertyValueSpecification","valueRequired":true,"valueName":"search_term_string"}}],"inLanguage":"sv-SE"},{"@type":"Person","@id":"https:\/\/embreis.com\/dk\/#\/schema\/person\/9f75f298897f79d8d960489fec1dddd5","name":"johnnyragnarsson","image":{"@type":"ImageObject","inLanguage":"sv-SE","@id":"https:\/\/secure.gravatar.com\/avatar\/1ec83aae8f01206dfada4bf4a749e6ee50613e3e29de80160b0821bc76930cfd?s=96&d=mm&r=g","url":"https:\/\/secure.gravatar.com\/avatar\/1ec83aae8f01206dfada4bf4a749e6ee50613e3e29de80160b0821bc76930cfd?s=96&d=mm&r=g","contentUrl":"https:\/\/secure.gravatar.com\/avatar\/1ec83aae8f01206dfada4bf4a749e6ee50613e3e29de80160b0821bc76930cfd?s=96&d=mm&r=g","caption":"johnnyragnarsson"},"url":"https:\/\/embreis.com\/dk\/author\/johnnyragnarsson\/"}]}},"_links":{"self":[{"href":"https:\/\/embreis.com\/dk\/wp-json\/wp\/v2\/posts\/13423","targetHints":{"allow":["GET"]}}],"collection":[{"href":"https:\/\/embreis.com\/dk\/wp-json\/wp\/v2\/posts"}],"about":[{"href":"https:\/\/embreis.com\/dk\/wp-json\/wp\/v2\/types\/post"}],"author":[{"embeddable":true,"href":"https:\/\/embreis.com\/dk\/wp-json\/wp\/v2\/users\/16"}],"replies":[{"embeddable":true,"href":"https:\/\/embreis.com\/dk\/wp-json\/wp\/v2\/comments?post=13423"}],"version-history":[{"count":0,"href":"https:\/\/embreis.com\/dk\/wp-json\/wp\/v2\/posts\/13423\/revisions"}],"wp:featuredmedia":[{"embeddable":true,"href":"https:\/\/embreis.com\/dk\/wp-json\/wp\/v2\/media\/13420"}],"wp:attachment":[{"href":"https:\/\/embreis.com\/dk\/wp-json\/wp\/v2\/media?parent=13423"}],"wp:term":[{"taxonomy":"category","embeddable":true,"href":"https:\/\/embreis.com\/dk\/wp-json\/wp\/v2\/categories?post=13423"},{"taxonomy":"post_tag","embeddable":true,"href":"https:\/\/embreis.com\/dk\/wp-json\/wp\/v2\/tags?post=13423"}],"curies":[{"name":"wp","href":"https:\/\/api.w.org\/{rel}","templated":true}]}}